{"id":1809,"date":"2024-07-24T11:12:52","date_gmt":"2024-07-24T09:12:52","guid":{"rendered":"https:\/\/www.vga-fr.org\/sections\/volley\/?p=1809"},"modified":"2024-07-24T11:57:44","modified_gmt":"2024-07-24T09:57:44","slug":"volley-bilan-des-resultats-sportifs-de-la-saison-2023-2024","status":"publish","type":"post","link":"https:\/\/www.vga-fr.org\/sections\/volley\/2024\/07\/24\/volley-bilan-des-resultats-sportifs-de-la-saison-2023-2024\/","title":{"rendered":"[VOLLEY] Bilan des r\u00e9sultats sportifs de la saison 2023\/2024"},"content":{"rendered":"<h1>Les chiffres<\/h1>\n<ul>\n<li>311 adh\u00e9rents en 2023-2024<\/li>\n<li>R\u00e9partition jeunes (M9-M21) \/ seniors (comp\u00e9tition et loisirs) : 47% de jeunes\/ 53% seniors {35% comp\u00e9tition, 65% loisir)<\/li>\n<li>30 \u00e9quipes : f\u00e9minines et masculines engag\u00e9es en championnat National, R\u00e9gional, D\u00e9partemental ou loisirs, de la cat\u00e9gorie M11 aux seniors en volley indoor<\/li>\n<li>5 \u00e9quipes seniors<\/li>\n<li>10 \u00e9quipes jeunes en indoor (M13 \u00e0 M21). Toutes nos \u00e9quipes 1 filles et gar\u00e7ons se sont qualifi\u00e9es pour le championnat r\u00e9gional. 6 \u00e9quipes ont \u00e9volu\u00e9 en Coupe de France et 4 en Coupe \u00cele-de-France<\/li>\n<li>12 \u00e9quipes M9-M11<\/li>\n<li>3 \u00e9quipes loisirs 4X4 en comp\u00e9tition D\u00e9partemental, 1 \u00e9quipe en 6X6 mixte en comp\u00e9tition r\u00e9gional et national<\/li>\n<li>2 collectifs jeunes engag\u00e9s en championnat r\u00e9gional Beach (M13F et MlSM), 2 en Coupe de France (MlSF et MlSM)<\/li>\n<\/ul>\n<p>&nbsp;<\/p>\n<h1>Les r\u00e9sultats<\/h1>\n<p><a href=\"https:\/\/www.vga-fr.org\/sections\/volley\/wp-content\/uploads\/sites\/60\/2024\/07\/Capture-decran-2024-07-24-115242.jpg\"><img loading=\"lazy\" class=\"aligncenter size-large wp-image-1814\" src=\"https:\/\/www.vga-fr.org\/sections\/volley\/wp-content\/uploads\/sites\/60\/2024\/07\/Capture-decran-2024-07-24-115242.jpg\" alt=\"\" width=\"962\" height=\"703\" srcset=\"https:\/\/www.vga-fr.org\/sections\/volley\/wp-content\/uploads\/sites\/60\/2024\/07\/Capture-decran-2024-07-24-115242.jpg 962w, https:\/\/www.vga-fr.org\/sections\/volley\/wp-content\/uploads\/sites\/60\/2024\/07\/Capture-decran-2024-07-24-115242-480x351.jpg 480w\" sizes=\"(min-width: 0px) and (max-width: 480px) 480px, (min-width: 481px) 962px, 100vw\" \/><\/a><\/p>\n<p><a href=\"https:\/\/www.vga-fr.org\/sections\/volley\/wp-content\/uploads\/sites\/60\/2024\/07\/Capture-decran-2024-07-24-115408.jpg\"><img loading=\"lazy\" class=\"aligncenter size-full wp-image-1815\" src=\"https:\/\/www.vga-fr.org\/sections\/volley\/wp-content\/uploads\/sites\/60\/2024\/07\/Capture-decran-2024-07-24-115408.jpg\" alt=\"\" width=\"960\" height=\"546\" srcset=\"https:\/\/www.vga-fr.org\/sections\/volley\/wp-content\/uploads\/sites\/60\/2024\/07\/Capture-decran-2024-07-24-115408.jpg 960w, https:\/\/www.vga-fr.org\/sections\/volley\/wp-content\/uploads\/sites\/60\/2024\/07\/Capture-decran-2024-07-24-115408-480x273.jpg 480w\" sizes=\"(min-width: 0px) and (max-width: 480px) 480px, (min-width: 481px) 960px, 100vw\" \/><\/a><\/p>\n<p><a href=\"https:\/\/www.vga-fr.org\/sections\/volley\/wp-content\/uploads\/sites\/60\/2024\/07\/Capture-decran-2024-07-24-115429.jpg\"><img loading=\"lazy\" class=\"aligncenter size-full wp-image-1816\" src=\"https:\/\/www.vga-fr.org\/sections\/volley\/wp-content\/uploads\/sites\/60\/2024\/07\/Capture-decran-2024-07-24-115429.jpg\" alt=\"\" width=\"967\" height=\"555\" srcset=\"https:\/\/www.vga-fr.org\/sections\/volley\/wp-content\/uploads\/sites\/60\/2024\/07\/Capture-decran-2024-07-24-115429.jpg 967w, https:\/\/www.vga-fr.org\/sections\/volley\/wp-content\/uploads\/sites\/60\/2024\/07\/Capture-decran-2024-07-24-115429-480x275.jpg 480w\" sizes=\"(min-width: 0px) and (max-width: 480px) 480px, (min-width: 481px) 967px, 100vw\" \/><\/a><\/p>\n<p>&nbsp;<\/p>\n<h1>Focus sur les s\u00e9lections<\/h1>\n<p><strong>F\u00c9MININES<\/strong><\/p>\n<p>&#8211; Cl\u00e9mence KUBICZEK p\u00f4le r\u00e9gional Ile de France (Chatenay)<br \/>\n&#8211; Jane NAPOL p\u00f4le r\u00e9gional Ile de France (Chatenay)<br \/>\n&#8211; Inaya GLEHELLO s\u00e9lectionn\u00e9e dans l\u2019\u00e9quipe r\u00e9gional Ile de France M14 pour les Volleyades Nationales : 4\u00e8me place<br \/>\n&#8211; Jessie PALANT GAUTIER et Emie FOUQUET s\u00e9lectionn\u00e9es dans l\u2019\u00e9quipe du Val de Marne pour les Volleyades Nationales M12 : 8\u00e8me place<\/p>\n<p><strong>MASCULINS<\/strong><\/p>\n<p>&#8211; Anthony RICHARD-CHAPPOULLY p\u00f4le r\u00e9gional Ile de France (Chatenay), s\u00e9lectionn\u00e9 en \u00e9quipe de France U18 en pr\u00e9paration de la Coupe d\u2019Europe<br \/>\n&#8211; Malick DIOUF Centre National de Volley-Ball \u00e0 Montpellier. S\u00e9lectionn\u00e9 en \u00e9quipe de France U20<br \/>\n&#8211; Ewen RENEVOT p\u00f4le r\u00e9gional Ile de France (Chatenay). Int\u00e8gre le Centre National de Volley-Ball \u00e0 Montpellier la saison prochaine<br \/>\n&#8211; Tanguy DEVOS s\u00e9lectionn\u00e9 dans l\u2019\u00e9quipe r\u00e9gional Ile de France M18 pour les Volleyades Nationales : Vice-champion<br \/>\n&#8211; Arno RODRIGUES s\u00e9lectionn\u00e9 dans l\u2019\u00e9quipe r\u00e9gional Ile de France M15 pour les Volleyades Nationales : 9\u00e8me place. Arno int\u00e9grera le p\u00f4le r\u00e9gional la saison prochaine<br \/>\n&#8211; Tom L\u2019HEVEDER et Thibault COUPAYE s\u00e9lectionn\u00e9s dans l\u2019\u00e9quipe du Val de Marne pour les Volleyades Nationales M13 : 6\u00e8me place<\/p>\n<p>&nbsp;<\/p>\n<p>&nbsp;<\/p>\n<p>&nbsp;<\/p>\n<p>&nbsp;<\/p>\n","protected":false},"excerpt":{"rendered":"<p>Les chiffres 311 adh\u00e9rents en 2023-2024 R\u00e9partition jeunes (M9-M21) \/ seniors (comp\u00e9tition et loisirs) : 47% de jeunes\/ 53% seniors {35% comp\u00e9tition, 65% loisir) 30 \u00e9quipes : f\u00e9minines et masculines engag\u00e9es en championnat National, R\u00e9gional, D\u00e9partemental ou loisirs, de la cat\u00e9gorie M11 aux seniors en volley indoor 5 \u00e9quipes seniors 10 \u00e9quipes jeunes en indoor [&hellip;]<\/p>\n","protected":false},"author":10,"featured_media":1811,"comment_status":"open","ping_status":"open","sticky":false,"template":"","format":"standard","meta":{"_seopress_robots_primary_cat":"none","_et_pb_use_builder":"","_et_pb_old_content":"","_et_gb_content_width":""},"categories":[1],"tags":[],"_links":{"self":[{"href":"https:\/\/www.vga-fr.org\/sections\/volley\/wp-json\/wp\/v2\/posts\/1809"}],"collection":[{"href":"https:\/\/www.vga-fr.org\/sections\/volley\/wp-json\/wp\/v2\/posts"}],"about":[{"href":"https:\/\/www.vga-fr.org\/sections\/volley\/wp-json\/wp\/v2\/types\/post"}],"author":[{"embeddable":true,"href":"https:\/\/www.vga-fr.org\/sections\/volley\/wp-json\/wp\/v2\/users\/10"}],"replies":[{"embeddable":true,"href":"https:\/\/www.vga-fr.org\/sections\/volley\/wp-json\/wp\/v2\/comments?post=1809"}],"version-history":[{"count":3,"href":"https:\/\/www.vga-fr.org\/sections\/volley\/wp-json\/wp\/v2\/posts\/1809\/revisions"}],"predecessor-version":[{"id":1817,"href":"https:\/\/www.vga-fr.org\/sections\/volley\/wp-json\/wp\/v2\/posts\/1809\/revisions\/1817"}],"wp:featuredmedia":[{"embeddable":true,"href":"https:\/\/www.vga-fr.org\/sections\/volley\/wp-json\/wp\/v2\/media\/1811"}],"wp:attachment":[{"href":"https:\/\/www.vga-fr.org\/sections\/volley\/wp-json\/wp\/v2\/media?parent=1809"}],"wp:term":[{"taxonomy":"category","embeddable":true,"href":"https:\/\/www.vga-fr.org\/sections\/volley\/wp-json\/wp\/v2\/categories?post=1809"},{"taxonomy":"post_tag","embeddable":true,"href":"https:\/\/www.vga-fr.org\/sections\/volley\/wp-json\/wp\/v2\/tags?post=1809"}],"curies":[{"name":"wp","href":"https:\/\/api.w.org\/{rel}","templated":true}]}}