{"id":885,"date":"2021-07-07T09:51:17","date_gmt":"2021-07-07T07:51:17","guid":{"rendered":"https:\/\/www.vga-fr.org\/sections\/voile-paddle\/?p=885"},"modified":"2021-07-07T09:51:51","modified_gmt":"2021-07-07T07:51:51","slug":"voile-resultats-de-simon-charles-au-championnat-deurope-2021-en-croatie","status":"publish","type":"post","link":"https:\/\/www.vga-fr.org\/sections\/voile-paddle\/2021\/07\/07\/voile-resultats-de-simon-charles-au-championnat-deurope-2021-en-croatie\/","title":{"rendered":"[VOILE] R\u00e9sultats de Simon CHARLES au Championnat d&rsquo;Europe 2021 en Croatie"},"content":{"rendered":"<p>Il a particip\u00e9 en Croatie \u00e0 ce championnat ILCA.<\/p>\n<p><strong>Radial Youth European Championships &amp; Open European Trophy 2021<\/strong><\/p>\n<p>Sat 26th June 2021 &#8211; Sat 3rd July 2021<\/p>\n<p>Croatia, Kastela<\/p>\n<p>&nbsp;<\/p>\n<p>Apr\u00e8s 2 jours de r\u00e9gate, Simon \u00e9tait le premier fran\u00e7ais au classement g\u00e9n\u00e9ral de 217 bateaux et il s\u2019est qualifi\u00e9 pour le rond or.<\/p>\n<p><a href=\"https:\/\/2021-radial-youth.eurilca-europeans.org\/wp-content\/uploads\/sites\/11\/2021\/07\/BOYS_R1-6_after_protest.pdf\" data-saferedirecturl=\"https:\/\/www.google.com\/url?q=https:\/\/2021-radial-youth.eurilca-europeans.org\/wp-content\/uploads\/sites\/11\/2021\/07\/BOYS_R1-6_after_protest.pdf&amp;source=gmail&amp;ust=1625662936118000&amp;usg=AFQjCNFelUC1VjLhfj9ATx5_E4llcxKeGg\">https:\/\/2021-radial-youth.eurilca-europeans.org\/wp-content\/uploads\/sites\/11\/2021\/07\/BOYS_R1-6_after_protest.pdf<\/a><\/p>\n<p>&nbsp;<\/p>\n<p>Puis \u00e0 l\u2019issue du rang or, Il est 48 sur 217, il s\u2019est class\u00e9 12\u00e8me europ\u00e9en en U17.<\/p>\n<p>&nbsp;<\/p>\n<a href='https:\/\/2021-radial-youth.eurilca-europeans.org\/wp-content\/uploads\/sites\/11\/2021\/07\/BOYS_GOLD-1.pdf%20' class='small-button smallblue' target=\"_blank\">R\u00c9SULTATS<\/a>\n<p>&nbsp;<\/p>\n<p>&nbsp;<\/p>\n<p>Toutes les photos ici :<\/p>\n<a href='https:\/\/eurilca.smugmug.com\/2021-European-Championships\/2021-EurILCA-Under-21-Europeans' class='small-button smallblue' target=\"_blank\">PHOTOS<\/a>\n<p>&nbsp;<\/p>\n<p>Et en prime quelques photos de SImon qui a \u00e9t\u00e9 porte drapeau fran\u00e7ais \u00e0 la c\u00e9r\u00e9monie d\u2019ouverture.<\/p>\n<p>&nbsp;<\/p>\n<p>Une belle exp\u00e9rience !<\/p>\n<p>&nbsp;<\/p>\n<p>Le programme pour la semaine prochaine, les internationaux de France \u00e0 La Rochelle et encha\u00eenement sur le Championnat du Monde \u00e0 Garde en Italie.<\/p>\n<p><a href=\"https:\/\/www.vga-fr.org\/sections\/voile-paddle\/wp-content\/uploads\/sites\/59\/2021\/07\/image001-5.jpg\"><img loading=\"lazy\" class=\"alignnone size-full wp-image-886\" src=\"https:\/\/www.vga-fr.org\/sections\/voile-paddle\/wp-content\/uploads\/sites\/59\/2021\/07\/image001-5.jpg\" alt=\"\" width=\"640\" height=\"428\" srcset=\"https:\/\/www.vga-fr.org\/sections\/voile-paddle\/wp-content\/uploads\/sites\/59\/2021\/07\/image001-5.jpg 640w, https:\/\/www.vga-fr.org\/sections\/voile-paddle\/wp-content\/uploads\/sites\/59\/2021\/07\/image001-5-480x321.jpg 480w\" sizes=\"(min-width: 0px) and (max-width: 480px) 480px, (min-width: 481px) 640px, 100vw\" \/><\/a><\/p>\n","protected":false},"excerpt":{"rendered":"<p>Il a particip\u00e9 en Croatie \u00e0 ce championnat ILCA. Radial Youth European Championships &amp; Open European Trophy 2021 Sat 26th June 2021 &#8211; Sat 3rd July 2021 Croatia, Kastela &nbsp; Apr\u00e8s 2 jours de r\u00e9gate, Simon \u00e9tait le premier fran\u00e7ais au classement g\u00e9n\u00e9ral de 217 bateaux et il s\u2019est qualifi\u00e9 pour le rond or. https:\/\/2021-radial-youth.eurilca-europeans.org\/wp-content\/uploads\/sites\/11\/2021\/07\/BOYS_R1-6_after_protest.pdf [&hellip;]<\/p>\n","protected":false},"author":10,"featured_media":887,"comment_status":"open","ping_status":"open","sticky":false,"template":"","format":"standard","meta":{"_seopress_robots_primary_cat":"","_et_pb_use_builder":"","_et_pb_old_content":"","_et_gb_content_width":""},"categories":[1],"tags":[],"_links":{"self":[{"href":"https:\/\/www.vga-fr.org\/sections\/voile-paddle\/wp-json\/wp\/v2\/posts\/885"}],"collection":[{"href":"https:\/\/www.vga-fr.org\/sections\/voile-paddle\/wp-json\/wp\/v2\/posts"}],"about":[{"href":"https:\/\/www.vga-fr.org\/sections\/voile-paddle\/wp-json\/wp\/v2\/types\/post"}],"author":[{"embeddable":true,"href":"https:\/\/www.vga-fr.org\/sections\/voile-paddle\/wp-json\/wp\/v2\/users\/10"}],"replies":[{"embeddable":true,"href":"https:\/\/www.vga-fr.org\/sections\/voile-paddle\/wp-json\/wp\/v2\/comments?post=885"}],"version-history":[{"count":1,"href":"https:\/\/www.vga-fr.org\/sections\/voile-paddle\/wp-json\/wp\/v2\/posts\/885\/revisions"}],"predecessor-version":[{"id":888,"href":"https:\/\/www.vga-fr.org\/sections\/voile-paddle\/wp-json\/wp\/v2\/posts\/885\/revisions\/888"}],"wp:featuredmedia":[{"embeddable":true,"href":"https:\/\/www.vga-fr.org\/sections\/voile-paddle\/wp-json\/wp\/v2\/media\/887"}],"wp:attachment":[{"href":"https:\/\/www.vga-fr.org\/sections\/voile-paddle\/wp-json\/wp\/v2\/media?parent=885"}],"wp:term":[{"taxonomy":"category","embeddable":true,"href":"https:\/\/www.vga-fr.org\/sections\/voile-paddle\/wp-json\/wp\/v2\/categories?post=885"},{"taxonomy":"post_tag","embeddable":true,"href":"https:\/\/www.vga-fr.org\/sections\/voile-paddle\/wp-json\/wp\/v2\/tags?post=885"}],"curies":[{"name":"wp","href":"https:\/\/api.w.org\/{rel}","templated":true}]}}