{"id":843,"date":"2011-05-22T09:48:56","date_gmt":"2011-05-22T09:48:56","guid":{"rendered":"https:\/\/import.vga.teddy.agency\/fete-du-nautisme-a-saint-maur\/"},"modified":"2011-05-22T09:48:56","modified_gmt":"2011-05-22T09:48:56","slug":"fete-du-nautisme-a-saint-maur","status":"publish","type":"post","link":"https:\/\/www.vga-fr.org\/sections\/voile-paddle\/2011\/05\/22\/fete-du-nautisme-a-saint-maur\/","title":{"rendered":"F\u00caTE DU NAUTISME A SAINT MAUR"},"content":{"rendered":"<p align=\"center\"><strong><span style=\"text-decoration: underline\">FETE DU NAUTISME14\/15 MAI 2011<\/span><\/strong><\/p>\n<p align=\"center\"><strong><span style=\"text-decoration: underline\">DE LA\u00a0VGA VOILE<\/span><\/strong><\/p>\n<p align=\"center\"><strong><span style=\"text-decoration: underline\">\u00a0<\/span><\/strong><\/p>\n<p>Comme chaque ann\u00e9e, la f\u00eate du Nautisme s&rsquo;est d\u00e9roul\u00e9e sur la Base Nautique de la Pie, les samedi 14 et dimanche 15 mai. Le temps, quoique l\u00e9g\u00e8rement instable, nous a \u00e9pargn\u00e9 la pluie et quelques rayons de soleil sont venus \u00e9gayer et r\u00e9chauffer les participants et le vent a souffl\u00e9 dans les voiles..<\/p>\n<p>\u00a0<\/p>\n<p>Le but de ces deux journ\u00e9es \u00e9tait de promouvoir ce sport qu&rsquo;est la voile et que de nombreux habitants de Saint Maur ont d\u00e9couvert \u00e0 l&rsquo;occasion de cette f\u00eate.<\/p>\n<p>\u00a0<\/p>\n<p>La journ\u00e9e du samedi a vu, comme chaque samedi au cours de l&rsquo;ann\u00e9e, les \u00e9coles de voile naviguer: depuis les enfants \u00e0 partir de 7 ans jusqu&rsquo;aux adultes qui sont de plus en plus nombreux \u00e0 vouloir d\u00e9couvrir ce sport. De plus, le club accueille depuis d\u00e9j\u00e0 de nombreuses\u00a0 ann\u00e9es, une association de jeunes autistes \u00e0 qui la pratique de la voile\u00a0 entend donner une ouverture vers la nature et la connaissance d&rsquo;un sport de plein air.<\/p>\n<p>\u00a0<\/p>\n<p>A cette pr\u00e9sence d\u00e9j\u00e0 importante sur le plan d&rsquo;eau, sont venus s&rsquo;ajouter d\u00e8s samedi 14 des bapt\u00eames de voile destin\u00e9s aux enfants et aux adultes, ainsi que le dimanche apr\u00e8s-midi une course au tr\u00e9sor destin\u00e9e aux plus jeunes.<\/p>\n<p>\u00a0<\/p>\n<p>La participation d\u00e9j\u00e0 importante l&rsquo;an dernier (90 bapt\u00eames de voile sur les deux jours) a litt\u00e9ralement explos\u00e9 cette ann\u00e9e avec environ 125 bapt\u00eames pour de jeunes et moins jeunes participants inscrits et en plus un certain nombre, en particulier d&rsquo;enfants, qui y ont pris go\u00fbt et sont revenus embarquer.<\/p>\n<p>\u00a0<\/p>\n<p>Tours sur les quillards Vent d&rsquo;Ouest, navigation autonome sur 4.20, Optimists ou Laser ou accompagn\u00e9e\u00a0 par les encadrants du Club et de nombreux b\u00e9n\u00e9voles. Il faut remercier \u00e0 cet \u00e9gard, les b\u00e9n\u00e9voles du Navi-Club qui sans compter\u00a0\u00a0 ont tourn\u00e9 avec leurs propres bateaux tout au long de ces deux journ\u00e9es, les nombreux parents d&rsquo;enfants inscrits au Club, les propri\u00e9taires de bateaux, \u00e9videmment l&rsquo;encadrement des \u00e9coles de voile et les adultes de l&rsquo;\u00e9cole de voile\u00a0\u00a0 et nous en oublions certainement qui ont oeuvr\u00e9 pour\u00a0 que ces journ\u00e9es soient une r\u00e9ussite \u2013 et elles le furent.<\/p>\n<p>\u00a0<\/p>\n<p>Nous avons eu \u00e9galement la visite de Mr. Merigot de la Mairie de Saint Maur, ainsi que de Mme Dominique Soulis, Vice Pr\u00e9sidente de la VGA et Pr\u00e9sidente du Comit\u00e9 de Jumelage et qui \u00e0 ce titre et profitant de la visite d&rsquo;un groupe arriv\u00e9 de Hameln, a accompagn\u00e9 de jeunes allemands sur la base o\u00f9 ils ont eux aussi re\u00e7u leur bapt\u00eame de voile.<\/p>\n<p>\u00a0<\/p>\n<p>Nous esp\u00e9rons par cette op\u00e9ration avoir\u00a0 aussi suscit\u00e9 de nombreuses vocations pour que les bords de Marne conservent\u00a0 leur vocation de promenade, de jeux et de lien entre les Saint-Mauriens (et les autres).<\/p>\n","protected":false},"excerpt":{"rendered":"<p>FETE DU NAUTISME14\/15 MAI 2011 DE LA\u00a0VGA VOILE \u00a0 Comme chaque ann\u00e9e, la f\u00eate du Nautisme s&rsquo;est d\u00e9roul\u00e9e sur la Base Nautique de la Pie, les samedi 14 et dimanche 15 mai. Le temps, quoique l\u00e9g\u00e8rement instable, nous a \u00e9pargn\u00e9 la pluie et quelques rayons de soleil sont venus \u00e9gayer et r\u00e9chauffer les participants et [&hellip;]<\/p>\n","protected":false},"author":1,"featured_media":218,"comment_status":"open","ping_status":"open","sticky":false,"template":"","format":"standard","meta":{"_seopress_robots_primary_cat":"","_et_pb_use_builder":"","_et_pb_old_content":"","_et_gb_content_width":""},"categories":[4],"tags":[],"_links":{"self":[{"href":"https:\/\/www.vga-fr.org\/sections\/voile-paddle\/wp-json\/wp\/v2\/posts\/843"}],"collection":[{"href":"https:\/\/www.vga-fr.org\/sections\/voile-paddle\/wp-json\/wp\/v2\/posts"}],"about":[{"href":"https:\/\/www.vga-fr.org\/sections\/voile-paddle\/wp-json\/wp\/v2\/types\/post"}],"author":[{"embeddable":true,"href":"https:\/\/www.vga-fr.org\/sections\/voile-paddle\/wp-json\/wp\/v2\/users\/1"}],"replies":[{"embeddable":true,"href":"https:\/\/www.vga-fr.org\/sections\/voile-paddle\/wp-json\/wp\/v2\/comments?post=843"}],"version-history":[{"count":0,"href":"https:\/\/www.vga-fr.org\/sections\/voile-paddle\/wp-json\/wp\/v2\/posts\/843\/revisions"}],"wp:featuredmedia":[{"embeddable":true,"href":"https:\/\/www.vga-fr.org\/sections\/voile-paddle\/wp-json\/"}],"wp:attachment":[{"href":"https:\/\/www.vga-fr.org\/sections\/voile-paddle\/wp-json\/wp\/v2\/media?parent=843"}],"wp:term":[{"taxonomy":"category","embeddable":true,"href":"https:\/\/www.vga-fr.org\/sections\/voile-paddle\/wp-json\/wp\/v2\/categories?post=843"},{"taxonomy":"post_tag","embeddable":true,"href":"https:\/\/www.vga-fr.org\/sections\/voile-paddle\/wp-json\/wp\/v2\/tags?post=843"}],"curies":[{"name":"wp","href":"https:\/\/api.w.org\/{rel}","templated":true}]}}