{"id":841,"date":"2011-07-07T12:27:25","date_gmt":"2011-07-07T12:27:25","guid":{"rendered":"https:\/\/import.vga.teddy.agency\/un-champion-de-france-en-direct-de-quiberon\/"},"modified":"2011-07-07T12:27:25","modified_gmt":"2011-07-07T12:27:25","slug":"un-champion-de-france-en-direct-de-quiberon","status":"publish","type":"post","link":"https:\/\/www.vga-fr.org\/sections\/voile-paddle\/2011\/07\/07\/un-champion-de-france-en-direct-de-quiberon\/","title":{"rendered":"UN CHAMPION DE FRANCE EN DIRECT DE QUIBERON"},"content":{"rendered":"<h1>Du jamais vu dans l&rsquo;histoire de la VGA et dans celle de l&rsquo;ILE de FRANCE !!!!<\/h1>\n<p><strong>JULES DUCELIER EST SACRE CHAMPION DE FRANCE EN \u00ab\u00a0OPTIMIST\u00a0\u00bb<\/strong><\/p>\n<table border=\"0\">\n<tbody>\n<tr>\n<td style=\"width: 150px\"><\/td>\n<td>\n<p>issu de la fili\u00e8re Ecole de sport de la VGA, il a \u00e9t\u00e9 entra\u00een\u00e9 en premier par\u00a0Mickael LAVANANT\u00a0puis par notre staff d&rsquo;entra\u00eeneurs.<\/p>\n<p>Il d\u00e9montre l\u00e0, sa t\u00e9nacit\u00e9 et son amour de la voile et met \u00e0 l&rsquo;honneur les\u00a0qualit\u00e9s du travail de tous les encadrants salari\u00e9s et b\u00e9n\u00e9voles.<\/p>\n<p>Un grand bravo aux filles de la VGA Voile<\/p>\n<p>Tamara RITVO\u00a0 27\u00e8me<\/p>\n<p>Mar\u00e9va JULY WORMIT\u00a0 32\u00e8me<\/p>\n<p>F\u00e9licitations aux parents qui ont suivi et aid\u00e9 leurs enfants toute la saison.<\/p>\n<p>Vive JULES et la VGA<\/p>\n<p>Vous pouvez cliquer sur le lien des Championnats de FRANCE<\/p>\n<p> <a href=\"http:\/\/www.ffvoile.net\/ffv\/web\/evenement\/2011\/Minimes\/communiques\/home.asp\">http:\/\/www.ffvoile.net\/ffv\/web\/evenement\/2011\/Minimes\/communiques\/home.asp<\/a><\/td>\n<\/tr>\n<\/tbody>\n<\/table>\n","protected":false},"excerpt":{"rendered":"<p>Du jamais vu dans l&rsquo;histoire de la VGA et dans celle de l&rsquo;ILE de FRANCE !!!! JULES DUCELIER EST SACRE CHAMPION DE FRANCE EN \u00ab\u00a0OPTIMIST\u00a0\u00bb issu de la fili\u00e8re Ecole de sport de la VGA, il a \u00e9t\u00e9 entra\u00een\u00e9 en premier par\u00a0Mickael LAVANANT\u00a0puis par notre staff d&rsquo;entra\u00eeneurs. Il d\u00e9montre l\u00e0, sa t\u00e9nacit\u00e9 et son amour [&hellip;]<\/p>\n","protected":false},"author":1,"featured_media":132,"comment_status":"open","ping_status":"open","sticky":false,"template":"","format":"standard","meta":{"_seopress_robots_primary_cat":"","_et_pb_use_builder":"","_et_pb_old_content":"","_et_gb_content_width":""},"categories":[4],"tags":[],"_links":{"self":[{"href":"https:\/\/www.vga-fr.org\/sections\/voile-paddle\/wp-json\/wp\/v2\/posts\/841"}],"collection":[{"href":"https:\/\/www.vga-fr.org\/sections\/voile-paddle\/wp-json\/wp\/v2\/posts"}],"about":[{"href":"https:\/\/www.vga-fr.org\/sections\/voile-paddle\/wp-json\/wp\/v2\/types\/post"}],"author":[{"embeddable":true,"href":"https:\/\/www.vga-fr.org\/sections\/voile-paddle\/wp-json\/wp\/v2\/users\/1"}],"replies":[{"embeddable":true,"href":"https:\/\/www.vga-fr.org\/sections\/voile-paddle\/wp-json\/wp\/v2\/comments?post=841"}],"version-history":[{"count":0,"href":"https:\/\/www.vga-fr.org\/sections\/voile-paddle\/wp-json\/wp\/v2\/posts\/841\/revisions"}],"wp:featuredmedia":[{"embeddable":true,"href":"https:\/\/www.vga-fr.org\/sections\/voile-paddle\/wp-json\/"}],"wp:attachment":[{"href":"https:\/\/www.vga-fr.org\/sections\/voile-paddle\/wp-json\/wp\/v2\/media?parent=841"}],"wp:term":[{"taxonomy":"category","embeddable":true,"href":"https:\/\/www.vga-fr.org\/sections\/voile-paddle\/wp-json\/wp\/v2\/categories?post=841"},{"taxonomy":"post_tag","embeddable":true,"href":"https:\/\/www.vga-fr.org\/sections\/voile-paddle\/wp-json\/wp\/v2\/tags?post=841"}],"curies":[{"name":"wp","href":"https:\/\/api.w.org\/{rel}","templated":true}]}}