{"id":840,"date":"2011-07-12T10:31:14","date_gmt":"2011-07-12T10:31:14","guid":{"rendered":"https:\/\/import.vga.teddy.agency\/jules-ducelier-champion-de-france-minimes-en-optimist-2011\/"},"modified":"2011-07-12T10:31:14","modified_gmt":"2011-07-12T10:31:14","slug":"jules-ducelier-champion-de-france-minimes-en-optimist-2011","status":"publish","type":"post","link":"https:\/\/www.vga-fr.org\/sections\/voile-paddle\/2011\/07\/12\/jules-ducelier-champion-de-france-minimes-en-optimist-2011\/","title":{"rendered":"Jules Ducelier Champion de France Minimes en optimist 2011"},"content":{"rendered":"<h1 style=\"text-align: center\"><span id=\"__end\"><span style=\"font-size: small\"><span id=\"__end\"><strong>Jules Ducelier de la VGA champion de France minimes en optimist 2011 <\/strong><\/span><\/span><\/span><\/h1>\n<p style=\"text-align: center\">\u00a0<\/p>\n<table border=\"0\">\n<tbody>\n<tr>\n<td style=\"width: 150px\">\n<p style=\"text-align: center\"><span id=\"__end\"><span style=\"font-size: small\"><span id=\"__end\"><strong><\/strong><\/span><\/span><\/span><\/p>\n<p style=\"text-align: center\"><span id=\"__end\"><span style=\"font-size: small\"><span id=\"__end\"><strong>\u00a0<\/strong><\/span><\/span><\/span><\/p>\n<\/td>\n<td valign=\"top\">\n<p>C&rsquo;est la premi\u00e8re fois depuis que le championnat de France minimes existe (plus de 30 ans) qu&rsquo;un r\u00e9gatier d&rsquo;Ile de France gagne le championnat r\u00e9f\u00e9rence de la valeur des 12\/14 ans en voile.<\/p>\n<p>Jules, 14 ans a d\u00e9but\u00e9 en \u00e9cole de voile \u00e0 7 ans \u00e0 la VGA st Maur et naviguait les samedi apr\u00e8s midi dans les darses de Bonneuil quand ces adversaires actuels d\u00e9couvraient la rade de Brest, la baie d&rsquo;Antibes ou les aliz\u00e9es en Guadeloupe.Depuis il est rest\u00e9 fid\u00e8le au club, en \u00e9cole de sport puis en \u00e9quipe r\u00e9gate avant d&rsquo;int\u00e9grer l&rsquo;\u00e9quipe de ligue \u00eele DE fRANCE.L&rsquo;an dernier d\u00e9j\u00e0 il avait fini 5eme et gagn\u00e9 le titre en Open bic.Soutenu par la VGA qui lui fournit notamment son mat\u00e9riel (bateau, mat, voile) et un support logistique important comme pour les autres coureurs du groupe, Jules a pu faire une grosse saison de pr\u00e9paration qui l&rsquo;aura vu naviguer depuis septembre dernier en Angleterre plusieurs fois, en Hollande plusieurs fois, en Espagne et m\u00eame \u00e0 Miami \u00e0 Noel dernier.<\/p>\n<p>En 2012 objectif, le championnat d&rsquo;Europe OPTIMIST avant de passer en fin d&rsquo;ann\u00e9e sur un nouveau support : le 420 \u00ab\u00a0ville de SAINT MAUR\u00a0\u00bb et toujours \u00e0 la VGA!<\/p>\n<\/td>\n<\/tr>\n<\/tbody>\n<\/table>\n<p style=\"text-align: center\">\u00a0<\/p>\n","protected":false},"excerpt":{"rendered":"<p>Jules Ducelier de la VGA champion de France minimes en optimist 2011 \u00a0 \u00a0 C&rsquo;est la premi\u00e8re fois depuis que le championnat de France minimes existe (plus de 30 ans) qu&rsquo;un r\u00e9gatier d&rsquo;Ile de France gagne le championnat r\u00e9f\u00e9rence de la valeur des 12\/14 ans en voile. Jules, 14 ans a d\u00e9but\u00e9 en \u00e9cole de [&hellip;]<\/p>\n","protected":false},"author":1,"featured_media":132,"comment_status":"open","ping_status":"open","sticky":false,"template":"","format":"standard","meta":{"_seopress_robots_primary_cat":"","_et_pb_use_builder":"","_et_pb_old_content":"","_et_gb_content_width":""},"categories":[4],"tags":[],"_links":{"self":[{"href":"https:\/\/www.vga-fr.org\/sections\/voile-paddle\/wp-json\/wp\/v2\/posts\/840"}],"collection":[{"href":"https:\/\/www.vga-fr.org\/sections\/voile-paddle\/wp-json\/wp\/v2\/posts"}],"about":[{"href":"https:\/\/www.vga-fr.org\/sections\/voile-paddle\/wp-json\/wp\/v2\/types\/post"}],"author":[{"embeddable":true,"href":"https:\/\/www.vga-fr.org\/sections\/voile-paddle\/wp-json\/wp\/v2\/users\/1"}],"replies":[{"embeddable":true,"href":"https:\/\/www.vga-fr.org\/sections\/voile-paddle\/wp-json\/wp\/v2\/comments?post=840"}],"version-history":[{"count":0,"href":"https:\/\/www.vga-fr.org\/sections\/voile-paddle\/wp-json\/wp\/v2\/posts\/840\/revisions"}],"wp:featuredmedia":[{"embeddable":true,"href":"https:\/\/www.vga-fr.org\/sections\/voile-paddle\/wp-json\/"}],"wp:attachment":[{"href":"https:\/\/www.vga-fr.org\/sections\/voile-paddle\/wp-json\/wp\/v2\/media?parent=840"}],"wp:term":[{"taxonomy":"category","embeddable":true,"href":"https:\/\/www.vga-fr.org\/sections\/voile-paddle\/wp-json\/wp\/v2\/categories?post=840"},{"taxonomy":"post_tag","embeddable":true,"href":"https:\/\/www.vga-fr.org\/sections\/voile-paddle\/wp-json\/wp\/v2\/tags?post=840"}],"curies":[{"name":"wp","href":"https:\/\/api.w.org\/{rel}","templated":true}]}}