{"id":834,"date":"2012-04-20T17:40:51","date_gmt":"2012-04-20T17:40:51","guid":{"rendered":"https:\/\/import.vga.teddy.agency\/jules-ducelier-vers-le-mondial-optimist\/"},"modified":"2012-04-20T17:40:51","modified_gmt":"2012-04-20T17:40:51","slug":"jules-ducelier-vers-le-mondial-optimist","status":"publish","type":"post","link":"https:\/\/www.vga-fr.org\/sections\/voile-paddle\/2012\/04\/20\/jules-ducelier-vers-le-mondial-optimist\/","title":{"rendered":"JULES DUCELIER VERS LE MONDIAL OPTIMIST"},"content":{"rendered":"<p>Apr\u00e8s une semaine de r\u00e9gate difficile avec des vents violents, notre poids plume, JULES DUCELIER, se s\u00e9lectionne pour les Championnats du Monde\u00a0sur OPTIMIST.<\/p>\n<p>\u00a0<\/p>\n<p>C&rsquo;est\u00a0la premi\u00e8re\u00a0fois qu&rsquo;un coureur de\u00a0la VGA se s\u00e9lectionne aux mondiaux sur le support phare de la voile.\u00a0\u00a0<\/p>\n<p><span style=\"font-size: 11pt;color: #1f497d;font-family: 'Calibri','sans-serif'\">Le championnat du Monde aura lieu du 15 au 25 juillet \u00e0 Boca Chica, en r\u00e9publique Dominicaine.<\/span><\/p>\n<p>F\u00e9licitations \u00e0 JULES et \u00e0 son encadrement pour ce superbe r\u00e9sultat et merci aux parents pour leur grande fid\u00e9lit\u00e9\u00a0\u00e0 la VGA Voile.\u00a0<\/p>\n<p>\u00a0<\/p>\n","protected":false},"excerpt":{"rendered":"<p>Apr\u00e8s une semaine de r\u00e9gate difficile avec des vents violents, notre poids plume, JULES DUCELIER, se s\u00e9lectionne pour les Championnats du Monde\u00a0sur OPTIMIST. \u00a0 C&rsquo;est\u00a0la premi\u00e8re\u00a0fois qu&rsquo;un coureur de\u00a0la VGA se s\u00e9lectionne aux mondiaux sur le support phare de la voile.\u00a0\u00a0 Le championnat du Monde aura lieu du 15 au 25 juillet \u00e0 Boca Chica, [&hellip;]<\/p>\n","protected":false},"author":1,"featured_media":132,"comment_status":"open","ping_status":"open","sticky":false,"template":"","format":"standard","meta":{"_seopress_robots_primary_cat":"","_et_pb_use_builder":"","_et_pb_old_content":"","_et_gb_content_width":""},"categories":[4],"tags":[],"_links":{"self":[{"href":"https:\/\/www.vga-fr.org\/sections\/voile-paddle\/wp-json\/wp\/v2\/posts\/834"}],"collection":[{"href":"https:\/\/www.vga-fr.org\/sections\/voile-paddle\/wp-json\/wp\/v2\/posts"}],"about":[{"href":"https:\/\/www.vga-fr.org\/sections\/voile-paddle\/wp-json\/wp\/v2\/types\/post"}],"author":[{"embeddable":true,"href":"https:\/\/www.vga-fr.org\/sections\/voile-paddle\/wp-json\/wp\/v2\/users\/1"}],"replies":[{"embeddable":true,"href":"https:\/\/www.vga-fr.org\/sections\/voile-paddle\/wp-json\/wp\/v2\/comments?post=834"}],"version-history":[{"count":0,"href":"https:\/\/www.vga-fr.org\/sections\/voile-paddle\/wp-json\/wp\/v2\/posts\/834\/revisions"}],"wp:featuredmedia":[{"embeddable":true,"href":"https:\/\/www.vga-fr.org\/sections\/voile-paddle\/wp-json\/"}],"wp:attachment":[{"href":"https:\/\/www.vga-fr.org\/sections\/voile-paddle\/wp-json\/wp\/v2\/media?parent=834"}],"wp:term":[{"taxonomy":"category","embeddable":true,"href":"https:\/\/www.vga-fr.org\/sections\/voile-paddle\/wp-json\/wp\/v2\/categories?post=834"},{"taxonomy":"post_tag","embeddable":true,"href":"https:\/\/www.vga-fr.org\/sections\/voile-paddle\/wp-json\/wp\/v2\/tags?post=834"}],"curies":[{"name":"wp","href":"https:\/\/api.w.org\/{rel}","templated":true}]}}