{"id":825,"date":"2012-07-18T12:40:57","date_gmt":"2012-07-18T12:40:57","guid":{"rendered":"https:\/\/import.vga.teddy.agency\/championnat-du-monde-optimist\/"},"modified":"2012-07-18T12:40:57","modified_gmt":"2012-07-18T12:40:57","slug":"championnat-du-monde-optimist","status":"publish","type":"post","link":"https:\/\/www.vga-fr.org\/sections\/voile-paddle\/2012\/07\/18\/championnat-du-monde-optimist\/","title":{"rendered":"Championnat du monde OPTIMIST"},"content":{"rendered":"<p>\u00a0<\/p>\n<\/p>\n<p>Suivez l&rsquo;actualit\u00e9 des Fran\u00e7ais \u00e0 travers leur blog : <a href=\"http:\/\/fra2012.blogspot.fr\/\" target=\"_blank\" rel=\"noopener noreferrer\">http:\/\/fra2012.blogspot.fr\/<\/a><\/p>\n<p>Et le site de l&rsquo;\u00e9preuve avec des r\u00e9sultats et des photos : <a href=\"http:\/\/www.optiworlds2012.org\/\" target=\"_blank\" rel=\"noopener noreferrer\">http:\/\/www.optiworlds2012.org\/<\/a><\/p>\n<p>La manche d&rsquo;entrainement et c\u00e9r\u00e9monie d&rsquo;ouverture aura lieu le lundi 16, et la 1ere manche aura lieu le mardi 17 juillet 2012.<\/p>\n<p>Rappel: Quand il est 10h en R\u00e9publique Dominicaine il est 16h en France.<\/p>\n","protected":false},"excerpt":{"rendered":"<p>\u00a0 Suivez l&rsquo;actualit\u00e9 des Fran\u00e7ais \u00e0 travers leur blog : http:\/\/fra2012.blogspot.fr\/ Et le site de l&rsquo;\u00e9preuve avec des r\u00e9sultats et des photos : http:\/\/www.optiworlds2012.org\/ La manche d&rsquo;entrainement et c\u00e9r\u00e9monie d&rsquo;ouverture aura lieu le lundi 16, et la 1ere manche aura lieu le mardi 17 juillet 2012. Rappel: Quand il est 10h en R\u00e9publique Dominicaine il [&hellip;]<\/p>\n","protected":false},"author":1,"featured_media":560,"comment_status":"open","ping_status":"open","sticky":false,"template":"","format":"standard","meta":{"_seopress_robots_primary_cat":"","_et_pb_use_builder":"","_et_pb_old_content":"","_et_gb_content_width":""},"categories":[4],"tags":[],"_links":{"self":[{"href":"https:\/\/www.vga-fr.org\/sections\/voile-paddle\/wp-json\/wp\/v2\/posts\/825"}],"collection":[{"href":"https:\/\/www.vga-fr.org\/sections\/voile-paddle\/wp-json\/wp\/v2\/posts"}],"about":[{"href":"https:\/\/www.vga-fr.org\/sections\/voile-paddle\/wp-json\/wp\/v2\/types\/post"}],"author":[{"embeddable":true,"href":"https:\/\/www.vga-fr.org\/sections\/voile-paddle\/wp-json\/wp\/v2\/users\/1"}],"replies":[{"embeddable":true,"href":"https:\/\/www.vga-fr.org\/sections\/voile-paddle\/wp-json\/wp\/v2\/comments?post=825"}],"version-history":[{"count":0,"href":"https:\/\/www.vga-fr.org\/sections\/voile-paddle\/wp-json\/wp\/v2\/posts\/825\/revisions"}],"wp:featuredmedia":[{"embeddable":true,"href":"https:\/\/www.vga-fr.org\/sections\/voile-paddle\/wp-json\/"}],"wp:attachment":[{"href":"https:\/\/www.vga-fr.org\/sections\/voile-paddle\/wp-json\/wp\/v2\/media?parent=825"}],"wp:term":[{"taxonomy":"category","embeddable":true,"href":"https:\/\/www.vga-fr.org\/sections\/voile-paddle\/wp-json\/wp\/v2\/categories?post=825"},{"taxonomy":"post_tag","embeddable":true,"href":"https:\/\/www.vga-fr.org\/sections\/voile-paddle\/wp-json\/wp\/v2\/tags?post=825"}],"curies":[{"name":"wp","href":"https:\/\/api.w.org\/{rel}","templated":true}]}}