{"id":2004,"date":"2026-03-10T15:18:57","date_gmt":"2026-03-10T14:18:57","guid":{"rendered":"https:\/\/www.vga-fr.org\/sections\/sports-d-eau\/?p=2004"},"modified":"2026-03-10T15:23:48","modified_gmt":"2026-03-10T14:23:48","slug":"sports-deau-vacances-dhiver-actives-pour-la-section","status":"publish","type":"post","link":"https:\/\/www.vga-fr.org\/sections\/sports-d-eau\/2026\/03\/10\/sports-deau-vacances-dhiver-actives-pour-la-section\/","title":{"rendered":"[SPORTS D&rsquo;EAU] Vacances d\u2019hiver actives pour la section !"},"content":{"rendered":"<p data-start=\"153\" data-end=\"362\">Pendant les <strong data-start=\"165\" data-end=\"195\">vacances scolaires d\u2019hiver<\/strong>, la section <strong data-start=\"208\" data-end=\"228\">VGA Sports d\u2019Eau<\/strong> n\u2019a pas ralenti le rythme. Si les \u00e9coles \u00e9taient ferm\u00e9es, une partie de nos <strong data-start=\"305\" data-end=\"361\">adh\u00e9rents est rest\u00e9e tr\u00e8s active sur le plan sportif<\/strong>.<\/p>\n<h2 data-section-id=\"v62vgx\" data-start=\"364\" data-end=\"411\">Une premi\u00e8re semaine intense pour les jeunes<\/h2>\n<p data-start=\"413\" data-end=\"615\">La <strong data-start=\"416\" data-end=\"449\">premi\u00e8re semaine des vacances<\/strong> a \u00e9t\u00e9 particuli\u00e8rement anim\u00e9e pour les jeunes de <strong data-start=\"499\" data-end=\"527\">l\u2019\u00c9cole des Sports d\u2019Eau<\/strong> ainsi que pour le <strong data-start=\"546\" data-end=\"568\">groupe comp\u00e9tition<\/strong>, avec <strong data-start=\"575\" data-end=\"614\">des s\u00e9ances de piscine chaque matin<\/strong>.<\/p>\n<p data-start=\"617\" data-end=\"788\">Certains des nageurs les plus exp\u00e9riment\u00e9s ont \u00e9galement poursuivi leur <strong data-start=\"689\" data-end=\"743\">programme d\u2019entra\u00eenement pendant les deux semaines<\/strong>, maintenant ainsi leur pr\u00e9paration sportive.<\/p>\n<h2 data-section-id=\"1ees3y7\" data-start=\"790\" data-end=\"839\">Water-polo et natation artistique au programme<\/h2>\n<p data-start=\"841\" data-end=\"1037\">Durant la <strong data-start=\"851\" data-end=\"871\">deuxi\u00e8me semaine<\/strong>, ce sont nos <strong data-start=\"885\" data-end=\"920\">jeunes polo\u00efstes et leurs a\u00een\u00e9s<\/strong> qui ont pris le chemin de la piscine <strong data-start=\"958\" data-end=\"1001\">Brossolette trois soirs dans la semaine<\/strong> pour continuer leurs entra\u00eenements.<\/p>\n<p data-start=\"1039\" data-end=\"1224\">De leur c\u00f4t\u00e9, les <strong data-start=\"1057\" data-end=\"1092\">nageuses de natation artistique<\/strong> ont eu l\u2019opportunit\u00e9 de <strong data-start=\"1117\" data-end=\"1169\">prendre de la hauteur avec un stage \u00e0 Font-Romeu<\/strong>, combinant travail sportif et oxyg\u00e9nation en altitude.<\/p>\n<h2 data-section-id=\"8nfhlr\" data-start=\"1226\" data-end=\"1271\">La Natation Sant\u00e9 \u00e9galement au rendez-vous<\/h2>\n<p data-start=\"1273\" data-end=\"1491\">M\u00eame pendant les vacances, les adh\u00e9rents du programme <strong data-start=\"1327\" data-end=\"1345\">Natation Sant\u00e9<\/strong> ont pu poursuivre leurs activit\u00e9s, avec des cr\u00e9neaux propos\u00e9s <strong data-start=\"1408\" data-end=\"1447\">t\u00f4t le matin ou en fin d\u2019apr\u00e8s-midi<\/strong>, afin de continuer \u00e0 entretenir leur forme.<\/p>\n<p data-start=\"1493\" data-end=\"1691\">Ces vacances d\u2019hiver auront ainsi permis \u00e0 de nombreux adh\u00e9rents de <strong data-start=\"1561\" data-end=\"1623\">rester actifs, progresser et partager des moments sportifs<\/strong>, dans l\u2019esprit convivial qui anime la section <strong data-start=\"1670\" data-end=\"1690\">VGA Sports d\u2019Eau.<\/strong><\/p>\n","protected":false},"excerpt":{"rendered":"<p>Pendant les vacances scolaires d\u2019hiver, la section VGA Sports d\u2019Eau n\u2019a pas ralenti le rythme. Si les \u00e9coles \u00e9taient ferm\u00e9es, une partie de nos adh\u00e9rents est rest\u00e9e tr\u00e8s active sur le plan sportif. Une premi\u00e8re semaine intense pour les jeunes La premi\u00e8re semaine des vacances a \u00e9t\u00e9 particuli\u00e8rement anim\u00e9e pour les jeunes de l\u2019\u00c9cole des [&hellip;]<\/p>\n","protected":false},"author":10,"featured_media":1690,"comment_status":"open","ping_status":"open","sticky":false,"template":"","format":"standard","meta":{"_seopress_robots_primary_cat":"none","_et_pb_use_builder":"","_et_pb_old_content":"","_et_gb_content_width":""},"categories":[1],"tags":[],"_links":{"self":[{"href":"https:\/\/www.vga-fr.org\/sections\/sports-d-eau\/wp-json\/wp\/v2\/posts\/2004"}],"collection":[{"href":"https:\/\/www.vga-fr.org\/sections\/sports-d-eau\/wp-json\/wp\/v2\/posts"}],"about":[{"href":"https:\/\/www.vga-fr.org\/sections\/sports-d-eau\/wp-json\/wp\/v2\/types\/post"}],"author":[{"embeddable":true,"href":"https:\/\/www.vga-fr.org\/sections\/sports-d-eau\/wp-json\/wp\/v2\/users\/10"}],"replies":[{"embeddable":true,"href":"https:\/\/www.vga-fr.org\/sections\/sports-d-eau\/wp-json\/wp\/v2\/comments?post=2004"}],"version-history":[{"count":1,"href":"https:\/\/www.vga-fr.org\/sections\/sports-d-eau\/wp-json\/wp\/v2\/posts\/2004\/revisions"}],"predecessor-version":[{"id":2006,"href":"https:\/\/www.vga-fr.org\/sections\/sports-d-eau\/wp-json\/wp\/v2\/posts\/2004\/revisions\/2006"}],"wp:featuredmedia":[{"embeddable":true,"href":"https:\/\/www.vga-fr.org\/sections\/sports-d-eau\/wp-json\/wp\/v2\/media\/1690"}],"wp:attachment":[{"href":"https:\/\/www.vga-fr.org\/sections\/sports-d-eau\/wp-json\/wp\/v2\/media?parent=2004"}],"wp:term":[{"taxonomy":"category","embeddable":true,"href":"https:\/\/www.vga-fr.org\/sections\/sports-d-eau\/wp-json\/wp\/v2\/categories?post=2004"},{"taxonomy":"post_tag","embeddable":true,"href":"https:\/\/www.vga-fr.org\/sections\/sports-d-eau\/wp-json\/wp\/v2\/tags?post=2004"}],"curies":[{"name":"wp","href":"https:\/\/api.w.org\/{rel}","templated":true}]}}