{"id":1319,"date":"2026-04-13T12:31:47","date_gmt":"2026-04-13T10:31:47","guid":{"rendered":"https:\/\/www.vga-fr.org\/sections\/gymnastique\/?p=1319"},"modified":"2026-04-22T12:42:54","modified_gmt":"2026-04-22T10:42:54","slug":"gymnastique-maxime-rey-de-nouveau-en-route-vers-les-championnats-de-france-elite","status":"publish","type":"post","link":"https:\/\/www.vga-fr.org\/sections\/gymnastique\/2026\/04\/13\/gymnastique-maxime-rey-de-nouveau-en-route-vers-les-championnats-de-france-elite\/","title":{"rendered":"[GYMNASTIQUE] Maxime REY, de nouveau en route vers les Championnats de France \u00c9lite !"},"content":{"rendered":"<p data-start=\"182\" data-end=\"283\">\u00c0 seulement 10 ans et demi, Maxime REY s\u2019impose comme l\u2019un des plus grands espoirs de la VGA Gymnastique.<\/p>\n<p data-start=\"285\" data-end=\"456\">Apr\u00e8s une premi\u00e8re qualification historique la saison pass\u00e9e, il confirme cette ann\u00e9e avec une r\u00e9gularit\u00e9 et une domination remarquables \u00e0 tous les niveaux de comp\u00e9tition.<\/p>\n<p data-start=\"458\" data-end=\"660\">D\u00e8s le d\u00e9but de saison, Maxime se distingue lors de la revue nationale d\u2019effectif, o\u00f9 il se classe parmi les meilleurs gymnastes fran\u00e7ais. Une premi\u00e8re \u00e9tape marquante, qui annonce une ann\u00e9e ambitieuse.<\/p>\n<p data-start=\"662\" data-end=\"840\">La suite est \u00e0 la hauteur de son potentiel :<br data-start=\"706\" data-end=\"709\" \/>\ud83e\udd47 Champion d\u00e9partemental (88,800 points)<br data-start=\"750\" data-end=\"753\" \/>\ud83e\udd47 Champion interd\u00e9partemental (79,150 points)<br data-start=\"799\" data-end=\"802\" \/>\ud83e\udd47 Champion r\u00e9gional (92,600 points)<\/p>\n<p data-start=\"842\" data-end=\"971\">Une progression constante, avec des scores en nette augmentation et une ma\u00eetrise toujours plus affirm\u00e9e sur l\u2019ensemble des agr\u00e8s.<\/p>\n<p data-start=\"973\" data-end=\"1197\">Il confirme ensuite son statut en s\u2019imposant lors de la <strong data-start=\"1029\" data-end=\"1065\">revue de rattrapage France \u00c9lite<\/strong>, qu\u2019il remporte avec un total de <strong data-start=\"1099\" data-end=\"1116\">84,175 points<\/strong>, validant ainsi sa place parmi les meilleurs gymnastes fran\u00e7ais de sa cat\u00e9gorie.<\/p>\n<p data-start=\"1199\" data-end=\"1374\">Maxime r\u00e9alise ainsi une performance rare en se qualifiant, pour la <strong data-start=\"1267\" data-end=\"1297\">deuxi\u00e8me ann\u00e9e cons\u00e9cutive<\/strong>, au <strong data-start=\"1302\" data-end=\"1333\">Championnat de France \u00c9lite<\/strong> dans la cat\u00e9gorie <strong data-start=\"1352\" data-end=\"1369\">Avenir 11 ans<\/strong> \ud83c\uddeb\ud83c\uddf7<\/p>\n<p data-start=\"1376\" data-end=\"1588\">D\u00e9j\u00e0 premier gymnaste masculin du club \u00e0 atteindre ce niveau d\u2019exigence, il continue d\u2019\u00e9crire l\u2019histoire de la VGA gr\u00e2ce \u00e0 son talent, sa d\u00e9termination et son exigence quotidienne, aux c\u00f4t\u00e9s de son coach Vincent.<\/p>\n<p data-start=\"1590\" data-end=\"1700\">Rendez-vous le <strong data-start=\"1608\" data-end=\"1636\">samedi 6 juin \u00e0 Mulhouse<\/strong> pour le voir \u00e9voluer une nouvelle fois dans la cour des grands.<\/p>\n<p data-start=\"1702\" data-end=\"1840\">Toute la VGA Gymnastique est extr\u00eamement fi\u00e8re de voir Maxime porter ses couleurs au plus haut niveau et poursuivre une trajectoire aussi prometteuse.<\/p>\n<p data-start=\"1842\" data-end=\"1898\" data-is-last-node=\"\" data-is-only-node=\"\"><strong data-start=\"1845\" data-end=\"1898\" data-is-last-node=\"\">Bravo Maxime, une r\u00e9f\u00e9rence d\u00e9j\u00e0 incontournable !<\/strong><\/p>\n","protected":false},"excerpt":{"rendered":"<p>\u00c0 seulement 10 ans et demi, Maxime REY s\u2019impose comme l\u2019un des plus grands espoirs de la VGA Gymnastique. Apr\u00e8s une premi\u00e8re qualification historique la saison pass\u00e9e, il confirme cette ann\u00e9e avec une r\u00e9gularit\u00e9 et une domination remarquables \u00e0 tous les niveaux de comp\u00e9tition. D\u00e8s le d\u00e9but de saison, Maxime se distingue lors de la [&hellip;]<\/p>\n","protected":false},"author":10,"featured_media":1321,"comment_status":"open","ping_status":"open","sticky":false,"template":"","format":"standard","meta":{"_seopress_robots_primary_cat":"none","_et_pb_use_builder":"","_et_pb_old_content":"","_et_gb_content_width":""},"categories":[1],"tags":[],"_links":{"self":[{"href":"https:\/\/www.vga-fr.org\/sections\/gymnastique\/wp-json\/wp\/v2\/posts\/1319"}],"collection":[{"href":"https:\/\/www.vga-fr.org\/sections\/gymnastique\/wp-json\/wp\/v2\/posts"}],"about":[{"href":"https:\/\/www.vga-fr.org\/sections\/gymnastique\/wp-json\/wp\/v2\/types\/post"}],"author":[{"embeddable":true,"href":"https:\/\/www.vga-fr.org\/sections\/gymnastique\/wp-json\/wp\/v2\/users\/10"}],"replies":[{"embeddable":true,"href":"https:\/\/www.vga-fr.org\/sections\/gymnastique\/wp-json\/wp\/v2\/comments?post=1319"}],"version-history":[{"count":1,"href":"https:\/\/www.vga-fr.org\/sections\/gymnastique\/wp-json\/wp\/v2\/posts\/1319\/revisions"}],"predecessor-version":[{"id":1322,"href":"https:\/\/www.vga-fr.org\/sections\/gymnastique\/wp-json\/wp\/v2\/posts\/1319\/revisions\/1322"}],"wp:featuredmedia":[{"embeddable":true,"href":"https:\/\/www.vga-fr.org\/sections\/gymnastique\/wp-json\/wp\/v2\/media\/1321"}],"wp:attachment":[{"href":"https:\/\/www.vga-fr.org\/sections\/gymnastique\/wp-json\/wp\/v2\/media?parent=1319"}],"wp:term":[{"taxonomy":"category","embeddable":true,"href":"https:\/\/www.vga-fr.org\/sections\/gymnastique\/wp-json\/wp\/v2\/categories?post=1319"},{"taxonomy":"post_tag","embeddable":true,"href":"https:\/\/www.vga-fr.org\/sections\/gymnastique\/wp-json\/wp\/v2\/tags?post=1319"}],"curies":[{"name":"wp","href":"https:\/\/api.w.org\/{rel}","templated":true}]}}