{"id":950,"date":"2025-11-06T10:45:21","date_gmt":"2025-11-06T09:45:21","guid":{"rendered":"https:\/\/www.vga-fr.org\/sections\/gymnastique-rythmique\/?p=950"},"modified":"2025-11-06T10:45:21","modified_gmt":"2025-11-06T09:45:21","slug":"gr-le-grand-gala-de-la-vga-gr-un-spectacle-magique-a-ne-pas-manquer","status":"publish","type":"post","link":"https:\/\/www.vga-fr.org\/sections\/gymnastique-rythmique\/2025\/11\/06\/gr-le-grand-gala-de-la-vga-gr-un-spectacle-magique-a-ne-pas-manquer\/","title":{"rendered":"[GR] Le Grand Gala de la VGA GR : un spectacle magique \u00e0 ne pas manquer !"},"content":{"rendered":"<p data-start=\"458\" data-end=\"687\">La section <strong data-start=\"469\" data-end=\"515\">Gymnastique Rythmique de la VGA Saint-Maur<\/strong> a le plaisir de vous inviter \u00e0 son <strong data-start=\"551\" data-end=\"567\">gala de No\u00ebl<\/strong>, le <strong data-start=\"572\" data-end=\"598\">samedi 6 d\u00e9cembre 2025<\/strong>, de <strong data-start=\"603\" data-end=\"620\">18h30 \u00e0 20h30<\/strong>, au <strong data-start=\"625\" data-end=\"656\">Centre sportif Gilbert No\u00ebl<\/strong> \u00e0 <strong data-start=\"659\" data-end=\"684\">Saint-Maur-des-Foss\u00e9s<\/strong>.<\/p>\n<p data-start=\"689\" data-end=\"944\">Cet \u00e9v\u00e9nement festif met en lumi\u00e8re le travail r\u00e9alis\u00e9 depuis la rentr\u00e9e. Les gymnastes de tous \u00e2ges \u2014 des plus jeunes aux comp\u00e9titrices \u2014 vous offriront un <strong data-start=\"885\" data-end=\"941\">spectacle alliant gr\u00e2ce, dynamisme et esprit de No\u00ebl<\/strong>.<\/p>\n<p data-start=\"946\" data-end=\"966\">\u2728 <strong data-start=\"948\" data-end=\"966\">Au programme :<\/strong><\/p>\n<ul data-start=\"967\" data-end=\"1167\">\n<li data-start=\"967\" data-end=\"1041\">\n<p data-start=\"969\" data-end=\"1041\">Des encha\u00eenements originaux pr\u00e9par\u00e9s avec passion par les entra\u00eeneurs,<\/p>\n<\/li>\n<li data-start=\"1042\" data-end=\"1094\">\n<p data-start=\"1044\" data-end=\"1094\">Des chor\u00e9graphies pleines de magie et d\u2019\u00e9motion,<\/p>\n<\/li>\n<li data-start=\"1095\" data-end=\"1167\">\n<p data-start=\"1097\" data-end=\"1167\">Une ambiance conviviale pour c\u00e9l\u00e9brer ensemble la p\u00e9riode des f\u00eates.<\/p>\n<\/li>\n<\/ul>\n<p data-start=\"1169\" data-end=\"1360\">C\u2019est un rendez-vous incontournable pour d\u00e9couvrir la <strong data-start=\"1223\" data-end=\"1248\">gymnastique rythmique<\/strong>, un sport d\u2019\u00e9l\u00e9gance et d\u2019expression, et pour encourager nos gymnastes avant la deuxi\u00e8me partie de la saison.<\/p>\n<p data-start=\"1362\" data-end=\"1570\">\ud83d\udccd <strong data-start=\"1365\" data-end=\"1375\">Lieu :<\/strong> Centre sportif Gilbert No\u00ebl \u2013 Saint-Maur-des-Foss\u00e9s<br data-start=\"1427\" data-end=\"1430\" \/>\ud83d\udd61 <strong data-start=\"1433\" data-end=\"1446\">Horaire :<\/strong> 18h30 \u00e0 20h30 (ouverture des portes \u00e0 18h00)<br data-start=\"1491\" data-end=\"1494\" \/>\ud83c\udf9f\ufe0f <strong data-start=\"1498\" data-end=\"1517\">Entr\u00e9e gratuite<\/strong> \u2013 Venez partager ce moment festif avec la VGA GR !<\/p>\n<p data-start=\"1572\" data-end=\"1716\">Pour plus d\u2019informations, contactez la section GR \u00e0 <strong data-start=\"1698\" data-end=\"1715\"><a class=\"decorated-link cursor-pointer\" rel=\"noopener\" data-start=\"1700\" data-end=\"1713\">gr@vga-fr.org<\/a><\/strong>.<\/p>\n","protected":false},"excerpt":{"rendered":"<p>La section Gymnastique Rythmique de la VGA Saint-Maur a le plaisir de vous inviter \u00e0 son gala de No\u00ebl, le samedi 6 d\u00e9cembre 2025, de 18h30 \u00e0 20h30, au Centre sportif Gilbert No\u00ebl \u00e0 Saint-Maur-des-Foss\u00e9s. Cet \u00e9v\u00e9nement festif met en lumi\u00e8re le travail r\u00e9alis\u00e9 depuis la rentr\u00e9e. Les gymnastes de tous \u00e2ges \u2014 des plus [&hellip;]<\/p>\n","protected":false},"author":10,"featured_media":952,"comment_status":"open","ping_status":"open","sticky":false,"template":"","format":"standard","meta":{"_seopress_robots_primary_cat":"none","_et_pb_use_builder":"","_et_pb_old_content":"","_et_gb_content_width":""},"categories":[1],"tags":[],"_links":{"self":[{"href":"https:\/\/www.vga-fr.org\/sections\/gymnastique-rythmique\/wp-json\/wp\/v2\/posts\/950"}],"collection":[{"href":"https:\/\/www.vga-fr.org\/sections\/gymnastique-rythmique\/wp-json\/wp\/v2\/posts"}],"about":[{"href":"https:\/\/www.vga-fr.org\/sections\/gymnastique-rythmique\/wp-json\/wp\/v2\/types\/post"}],"author":[{"embeddable":true,"href":"https:\/\/www.vga-fr.org\/sections\/gymnastique-rythmique\/wp-json\/wp\/v2\/users\/10"}],"replies":[{"embeddable":true,"href":"https:\/\/www.vga-fr.org\/sections\/gymnastique-rythmique\/wp-json\/wp\/v2\/comments?post=950"}],"version-history":[{"count":1,"href":"https:\/\/www.vga-fr.org\/sections\/gymnastique-rythmique\/wp-json\/wp\/v2\/posts\/950\/revisions"}],"predecessor-version":[{"id":953,"href":"https:\/\/www.vga-fr.org\/sections\/gymnastique-rythmique\/wp-json\/wp\/v2\/posts\/950\/revisions\/953"}],"wp:featuredmedia":[{"embeddable":true,"href":"https:\/\/www.vga-fr.org\/sections\/gymnastique-rythmique\/wp-json\/wp\/v2\/media\/952"}],"wp:attachment":[{"href":"https:\/\/www.vga-fr.org\/sections\/gymnastique-rythmique\/wp-json\/wp\/v2\/media?parent=950"}],"wp:term":[{"taxonomy":"category","embeddable":true,"href":"https:\/\/www.vga-fr.org\/sections\/gymnastique-rythmique\/wp-json\/wp\/v2\/categories?post=950"},{"taxonomy":"post_tag","embeddable":true,"href":"https:\/\/www.vga-fr.org\/sections\/gymnastique-rythmique\/wp-json\/wp\/v2\/tags?post=950"}],"curies":[{"name":"wp","href":"https:\/\/api.w.org\/{rel}","templated":true}]}}