{"id":929,"date":"2024-07-01T12:46:43","date_gmt":"2024-07-01T10:46:43","guid":{"rendered":"https:\/\/www.vga-fr.org\/sections\/gymnastique-rythmique\/?p=929"},"modified":"2024-09-17T12:52:21","modified_gmt":"2024-09-17T10:52:21","slug":"gr-inscriptions-2024-2025-ouvertes","status":"publish","type":"post","link":"https:\/\/www.vga-fr.org\/sections\/gymnastique-rythmique\/2024\/07\/01\/gr-inscriptions-2024-2025-ouvertes\/","title":{"rendered":"[GR] Inscriptions 2024\/2025 ouvertes"},"content":{"rendered":"<p>La VGA GR est heureuse de vous annoncer que les inscriptions pour la saison 2024\/2025 sont ouvertes.<\/p>\n<ul>\n<li>Pour toute s\u00e9ance d&rsquo;essai (vous devez vous pr\u00e9inscrire sans effectuer de r\u00e8glement)<\/li>\n<li>Pour consulter les places disponibles<\/li>\n<li>Pour s&rsquo;inscrire et proc\u00e9der au r\u00e8glement<\/li>\n<\/ul>\n<p>Tout se fait uniquement en ligne sur ce lien <a href='http:\/\/vga-inscriptions.org\/vga_saintmaur\/?ASSOS=GRS' class='small-button smallblue' target=\"_blank\">INSCRIPTIONS EN LIGNE VGA GR<\/a><\/p>\n<p><strong>Date de reprise<\/strong><br \/>\nComp\u00e9tition : \u00e0 partir du 2 septembre 2024<br \/>\nLoisir : \u00e0 partir du 9 septembre 2024<\/p>\n<p><strong>Planning<\/strong><\/p>\n<div>\n<table>\n<tbody>\n<tr>\n<td>JOURS<\/td>\n<td>HORAIRES<\/td>\n<td>CAT\u00c9GORIES<\/td>\n<\/tr>\n<tr>\n<td>Lundi<\/td>\n<td>18h30 \u2013 20h00<\/p>\n<p>18h30 \u2013 20h00<\/td>\n<td>Loisir 6\/7 ans<\/p>\n<p>Loisir 8 ans et +<\/td>\n<\/tr>\n<tr>\n<td>Mercredi<\/td>\n<td>17h00 \u2013 18h00<\/td>\n<td>Loisir 6\/7 ans<\/td>\n<\/tr>\n<tr>\n<td>Jeudi<\/td>\n<td>17h30 \u2013 18h30<\/p>\n<p>17h30 \u2013 18h30<\/p>\n<p>18h30 \u2013 20h00<\/td>\n<td>Loisir 4\/5 ans<\/p>\n<p>Loisir 6\/7 ans (1h)<\/p>\n<p>Loisir 8 ans et +<\/td>\n<\/tr>\n<tr>\n<td>Vendredi<\/td>\n<td>17h00 \u2013 18h00<\/p>\n<p>17h30 \u2013 19h00<\/p>\n<p>17h30 \u2013 19h00<\/td>\n<td>Loisir 4\/5 ans<\/p>\n<p>Loisir 6\/7 ans<\/p>\n<p>Loisir 8 ans et +<\/td>\n<\/tr>\n<tr>\n<td>Samedi<\/td>\n<td>15h00 \u2013 16h30<\/p>\n<p>15h00 \u2013 16h30<\/p>\n<p>16h00 \u2013 17h00<\/p>\n<p>17h00 \u2013 18h30<\/p>\n<p>17h00 \u2013 18h30<\/td>\n<td>Loisir 6\/7 ans<\/p>\n<p>Loisir 8 ans et +<\/p>\n<p>Loisir 4\/5 ans<\/p>\n<p>Loisir 6\/7 ans<\/p>\n<p>Loisir 8 ans et + confirm\u00e9<\/td>\n<\/tr>\n<\/tbody>\n<\/table>\n<\/div>\n<p><strong>Lieu de pratique<\/strong><br \/>\nCentre sportif Gilbert No\u00ebl, 6 bis avenue Pierre Semard, 94210 La Varenne<\/p>\n<p><strong>Cotisation annuelle<\/strong><\/p>\n<p>LOISIR 4\/5 ANS : 330 \u20ac<br \/>\nLOISIR 6\/7 ANS : 390 \u20ac<br \/>\nLOISIR 6\/7 ANS 1 heure : 330 \u20ac<br \/>\nLOISIR 8 ANS ET + : 390 \u20ac<br \/>\nLOISIR 8 ANS ET + 1 heure : 330 \u20ac<br \/>\nLOISIR CONFIRM\u00c9 8 ANS ET + : 390 \u20ac<br \/>\nCOMPETITION COUPE FORMATION : 485 \u20ac<br \/>\nCOMPETITION R\u00c9GIONALE B 4 heures : 515 \u20ac<br \/>\nCOMPETITION 12-13 ANS HORS REG. B : 560 \u20ac<br \/>\nCOMPETITION REGIONALE B 3h30 : 500 \u20ac<br \/>\nCOMPETITION 7-11 ANS HORS REG. B : 560 \u20ac<br \/>\nCOMPETITION 14 ANS ET + HORS REG. B : 560 \u20ac<br \/>\nPRE COMPETITION REG B : 515 \u20ac<br \/>\nCOMPETITION REG A+ GROUPE 1 : 560 \u20ac<br \/>\nCOMPETITION REG A+ GROUPE 2 : 560 \u20ac<\/p>\n<p><strong>Contact<\/strong><br \/>\nMail : <a href=\"mailto:gr@vga-fr.org\">gr@vga-fr.org<\/a><br \/>\nPas de t\u00e9l\u00e9phone<\/p>\n","protected":false},"excerpt":{"rendered":"<p>La VGA GR est heureuse de vous annoncer que les inscriptions pour la saison 2024\/2025 sont ouvertes. Pour toute s\u00e9ance d&rsquo;essai (vous devez vous pr\u00e9inscrire sans effectuer de r\u00e8glement) Pour consulter les places disponibles Pour s&rsquo;inscrire et proc\u00e9der au r\u00e8glement Tout se fait uniquement en ligne sur ce lien Date de reprise Comp\u00e9tition : \u00e0 [&hellip;]<\/p>\n","protected":false},"author":10,"featured_media":931,"comment_status":"open","ping_status":"open","sticky":false,"template":"","format":"standard","meta":{"_seopress_robots_primary_cat":"none","_et_pb_use_builder":"","_et_pb_old_content":"","_et_gb_content_width":""},"categories":[1],"tags":[],"_links":{"self":[{"href":"https:\/\/www.vga-fr.org\/sections\/gymnastique-rythmique\/wp-json\/wp\/v2\/posts\/929"}],"collection":[{"href":"https:\/\/www.vga-fr.org\/sections\/gymnastique-rythmique\/wp-json\/wp\/v2\/posts"}],"about":[{"href":"https:\/\/www.vga-fr.org\/sections\/gymnastique-rythmique\/wp-json\/wp\/v2\/types\/post"}],"author":[{"embeddable":true,"href":"https:\/\/www.vga-fr.org\/sections\/gymnastique-rythmique\/wp-json\/wp\/v2\/users\/10"}],"replies":[{"embeddable":true,"href":"https:\/\/www.vga-fr.org\/sections\/gymnastique-rythmique\/wp-json\/wp\/v2\/comments?post=929"}],"version-history":[{"count":1,"href":"https:\/\/www.vga-fr.org\/sections\/gymnastique-rythmique\/wp-json\/wp\/v2\/posts\/929\/revisions"}],"predecessor-version":[{"id":932,"href":"https:\/\/www.vga-fr.org\/sections\/gymnastique-rythmique\/wp-json\/wp\/v2\/posts\/929\/revisions\/932"}],"wp:featuredmedia":[{"embeddable":true,"href":"https:\/\/www.vga-fr.org\/sections\/gymnastique-rythmique\/wp-json\/wp\/v2\/media\/931"}],"wp:attachment":[{"href":"https:\/\/www.vga-fr.org\/sections\/gymnastique-rythmique\/wp-json\/wp\/v2\/media?parent=929"}],"wp:term":[{"taxonomy":"category","embeddable":true,"href":"https:\/\/www.vga-fr.org\/sections\/gymnastique-rythmique\/wp-json\/wp\/v2\/categories?post=929"},{"taxonomy":"post_tag","embeddable":true,"href":"https:\/\/www.vga-fr.org\/sections\/gymnastique-rythmique\/wp-json\/wp\/v2\/tags?post=929"}],"curies":[{"name":"wp","href":"https:\/\/api.w.org\/{rel}","templated":true}]}}