{"id":914,"date":"2024-05-22T11:22:33","date_gmt":"2024-05-22T09:22:33","guid":{"rendered":"https:\/\/www.vga-fr.org\/sections\/gymnastique-rythmique\/?p=914"},"modified":"2024-05-22T11:22:33","modified_gmt":"2024-05-22T09:22:33","slug":"gr-convocation-assemblee-generale-14-06-2024","status":"publish","type":"post","link":"https:\/\/www.vga-fr.org\/sections\/gymnastique-rythmique\/2024\/05\/22\/gr-convocation-assemblee-generale-14-06-2024\/","title":{"rendered":"[GR] Convocation assembl\u00e9e g\u00e9n\u00e9rale 14\/06\/2024"},"content":{"rendered":"<p>Les b\u00e9n\u00e9voles de la VGA GR vous convie \u00e0 l&rsquo;assembl\u00e9e g\u00e9n\u00e9rale de la section GR qui aura lieu le vendredi 14 juin 2024 \u00e0 19h30 au 8 avenue du Nord.<\/p>\n<p><a href=\"https:\/\/www.vga-fr.org\/sections\/gymnastique-rythmique\/wp-content\/uploads\/sites\/43\/2024\/05\/Convocation-AG-VGA-GR-2024-1-scaled.jpg\"><img loading=\"lazy\" class=\"aligncenter wp-image-916 size-large\" src=\"https:\/\/www.vga-fr.org\/sections\/gymnastique-rythmique\/wp-content\/uploads\/sites\/43\/2024\/05\/Convocation-AG-VGA-GR-2024-1-724x1024.jpg\" alt=\"\" width=\"724\" height=\"1024\" \/><\/a><\/p>\n","protected":false},"excerpt":{"rendered":"<p>Les b\u00e9n\u00e9voles de la VGA GR vous convie \u00e0 l&rsquo;assembl\u00e9e g\u00e9n\u00e9rale de la section GR qui aura lieu le vendredi 14 juin 2024 \u00e0 19h30 au 8 avenue du Nord.<\/p>\n","protected":false},"author":10,"featured_media":894,"comment_status":"open","ping_status":"open","sticky":false,"template":"","format":"standard","meta":{"_seopress_robots_primary_cat":"none","_et_pb_use_builder":"","_et_pb_old_content":"","_et_gb_content_width":""},"categories":[1],"tags":[],"_links":{"self":[{"href":"https:\/\/www.vga-fr.org\/sections\/gymnastique-rythmique\/wp-json\/wp\/v2\/posts\/914"}],"collection":[{"href":"https:\/\/www.vga-fr.org\/sections\/gymnastique-rythmique\/wp-json\/wp\/v2\/posts"}],"about":[{"href":"https:\/\/www.vga-fr.org\/sections\/gymnastique-rythmique\/wp-json\/wp\/v2\/types\/post"}],"author":[{"embeddable":true,"href":"https:\/\/www.vga-fr.org\/sections\/gymnastique-rythmique\/wp-json\/wp\/v2\/users\/10"}],"replies":[{"embeddable":true,"href":"https:\/\/www.vga-fr.org\/sections\/gymnastique-rythmique\/wp-json\/wp\/v2\/comments?post=914"}],"version-history":[{"count":1,"href":"https:\/\/www.vga-fr.org\/sections\/gymnastique-rythmique\/wp-json\/wp\/v2\/posts\/914\/revisions"}],"predecessor-version":[{"id":917,"href":"https:\/\/www.vga-fr.org\/sections\/gymnastique-rythmique\/wp-json\/wp\/v2\/posts\/914\/revisions\/917"}],"wp:featuredmedia":[{"embeddable":true,"href":"https:\/\/www.vga-fr.org\/sections\/gymnastique-rythmique\/wp-json\/wp\/v2\/media\/894"}],"wp:attachment":[{"href":"https:\/\/www.vga-fr.org\/sections\/gymnastique-rythmique\/wp-json\/wp\/v2\/media?parent=914"}],"wp:term":[{"taxonomy":"category","embeddable":true,"href":"https:\/\/www.vga-fr.org\/sections\/gymnastique-rythmique\/wp-json\/wp\/v2\/categories?post=914"},{"taxonomy":"post_tag","embeddable":true,"href":"https:\/\/www.vga-fr.org\/sections\/gymnastique-rythmique\/wp-json\/wp\/v2\/tags?post=914"}],"curies":[{"name":"wp","href":"https:\/\/api.w.org\/{rel}","templated":true}]}}