{"id":903,"date":"2023-06-01T11:04:37","date_gmt":"2023-06-01T09:04:37","guid":{"rendered":"https:\/\/www.vga-fr.org\/sections\/gymnastique-rythmique\/?p=903"},"modified":"2023-06-01T11:04:37","modified_gmt":"2023-06-01T09:04:37","slug":"gr-gala-le-25-06-2023","status":"publish","type":"post","link":"https:\/\/www.vga-fr.org\/sections\/gymnastique-rythmique\/2023\/06\/01\/gr-gala-le-25-06-2023\/","title":{"rendered":"[GR] Gala le 25\/06\/2023"},"content":{"rendered":"<p>La VGA GR organise son gala de fin d&rsquo;ann\u00e9e le dimanche 25 juin 2023 au centre sportif Gilbert No\u00ebl, de 14h \u00e0 17h, sur le th\u00e8me des com\u00e9dies musicales.<\/p>\n<p>Nous vous attendons nombreux.<\/p>\n<p>Entr\u00e9e gratuite.<\/p>\n<p>&nbsp;<\/p>\n<p>&nbsp;<\/p>\n","protected":false},"excerpt":{"rendered":"<p>La VGA GR organise son gala de fin d&rsquo;ann\u00e9e le dimanche 25 juin 2023 au centre sportif Gilbert No\u00ebl, de 14h \u00e0 17h, sur le th\u00e8me des com\u00e9dies musicales. Nous vous attendons nombreux. Entr\u00e9e gratuite. &nbsp; &nbsp;<\/p>\n","protected":false},"author":10,"featured_media":905,"comment_status":"open","ping_status":"open","sticky":false,"template":"","format":"standard","meta":{"_seopress_robots_primary_cat":"none","_et_pb_use_builder":"","_et_pb_old_content":"","_et_gb_content_width":""},"categories":[1],"tags":[],"_links":{"self":[{"href":"https:\/\/www.vga-fr.org\/sections\/gymnastique-rythmique\/wp-json\/wp\/v2\/posts\/903"}],"collection":[{"href":"https:\/\/www.vga-fr.org\/sections\/gymnastique-rythmique\/wp-json\/wp\/v2\/posts"}],"about":[{"href":"https:\/\/www.vga-fr.org\/sections\/gymnastique-rythmique\/wp-json\/wp\/v2\/types\/post"}],"author":[{"embeddable":true,"href":"https:\/\/www.vga-fr.org\/sections\/gymnastique-rythmique\/wp-json\/wp\/v2\/users\/10"}],"replies":[{"embeddable":true,"href":"https:\/\/www.vga-fr.org\/sections\/gymnastique-rythmique\/wp-json\/wp\/v2\/comments?post=903"}],"version-history":[{"count":1,"href":"https:\/\/www.vga-fr.org\/sections\/gymnastique-rythmique\/wp-json\/wp\/v2\/posts\/903\/revisions"}],"predecessor-version":[{"id":906,"href":"https:\/\/www.vga-fr.org\/sections\/gymnastique-rythmique\/wp-json\/wp\/v2\/posts\/903\/revisions\/906"}],"wp:featuredmedia":[{"embeddable":true,"href":"https:\/\/www.vga-fr.org\/sections\/gymnastique-rythmique\/wp-json\/wp\/v2\/media\/905"}],"wp:attachment":[{"href":"https:\/\/www.vga-fr.org\/sections\/gymnastique-rythmique\/wp-json\/wp\/v2\/media?parent=903"}],"wp:term":[{"taxonomy":"category","embeddable":true,"href":"https:\/\/www.vga-fr.org\/sections\/gymnastique-rythmique\/wp-json\/wp\/v2\/categories?post=903"},{"taxonomy":"post_tag","embeddable":true,"href":"https:\/\/www.vga-fr.org\/sections\/gymnastique-rythmique\/wp-json\/wp\/v2\/tags?post=903"}],"curies":[{"name":"wp","href":"https:\/\/api.w.org\/{rel}","templated":true}]}}