{"id":868,"date":"2022-04-05T15:41:53","date_gmt":"2022-04-05T13:41:53","guid":{"rendered":"https:\/\/www.vga-fr.org\/sections\/gymnastique-rythmique\/?p=868"},"modified":"2022-04-05T17:07:36","modified_gmt":"2022-04-05T15:07:36","slug":"gr-resultats-championnat-interdepartemental-federale-a-ensemble-et-duo-les-02-03-04-2022","status":"publish","type":"post","link":"https:\/\/www.vga-fr.org\/sections\/gymnastique-rythmique\/2022\/04\/05\/gr-resultats-championnat-interdepartemental-federale-a-ensemble-et-duo-les-02-03-04-2022\/","title":{"rendered":"[GR] R\u00e9sultats championnat interd\u00e9partemental F\u00e9d\u00e9rale A (ensemble et duo), les 02-03\/04\/2022"},"content":{"rendered":"<h1>DUO\u00a0F\u00c9D\u00c9RALE\u00a0A 13 ANS ET MOINS<\/h1>\n<p>Le duo compos\u00e9 de Lya et Mathilde termine 1er sur 7.<\/p>\n<p>Elles sont qualifi\u00e9es pour le championnat r\u00e9gional qui aura lieu les 14 et 15 mai 2022.<\/p>\n<a href='https:\/\/www.vga-fr.org\/sections\/gymnastique-rythmique\/wp-content\/uploads\/sites\/43\/2022\/04\/FFGym-Resultats.pdf' class='small-button smallblue' target=\"_blank\">R\u00c9SULTATS D\u00c9TAILL\u00c9S<\/a>\n<h1>ENSEMBLE F\u00c9D\u00c9RALE A TOUTES CAT\u00c9GORIES<\/h1>\n<p>L&rsquo;ensemble termine 5\u00e8me sur 7 et se qualifie \u00e9galement.<\/p>\n<a href='https:\/\/www.vga-fr.org\/sections\/gymnastique-rythmique\/wp-content\/uploads\/sites\/43\/2022\/04\/FFGym-Resultats-ENSEMBLE.pdf' class='small-button smallblue' target=\"_blank\">R\u00c9SULTATS D\u00c9TAILL\u00c9S<\/a>\n","protected":false},"excerpt":{"rendered":"<p>DUO\u00a0F\u00c9D\u00c9RALE\u00a0A 13 ANS ET MOINS Le duo compos\u00e9 de Lya et Mathilde termine 1er sur 7. Elles sont qualifi\u00e9es pour le championnat r\u00e9gional qui aura lieu les 14 et 15 mai 2022. ENSEMBLE F\u00c9D\u00c9RALE A TOUTES CAT\u00c9GORIES L&rsquo;ensemble termine 5\u00e8me sur 7 et se qualifie \u00e9galement.<\/p>\n","protected":false},"author":10,"featured_media":869,"comment_status":"open","ping_status":"open","sticky":false,"template":"","format":"standard","meta":{"_seopress_robots_primary_cat":"","_et_pb_use_builder":"","_et_pb_old_content":"","_et_gb_content_width":""},"categories":[1],"tags":[],"_links":{"self":[{"href":"https:\/\/www.vga-fr.org\/sections\/gymnastique-rythmique\/wp-json\/wp\/v2\/posts\/868"}],"collection":[{"href":"https:\/\/www.vga-fr.org\/sections\/gymnastique-rythmique\/wp-json\/wp\/v2\/posts"}],"about":[{"href":"https:\/\/www.vga-fr.org\/sections\/gymnastique-rythmique\/wp-json\/wp\/v2\/types\/post"}],"author":[{"embeddable":true,"href":"https:\/\/www.vga-fr.org\/sections\/gymnastique-rythmique\/wp-json\/wp\/v2\/users\/10"}],"replies":[{"embeddable":true,"href":"https:\/\/www.vga-fr.org\/sections\/gymnastique-rythmique\/wp-json\/wp\/v2\/comments?post=868"}],"version-history":[{"count":5,"href":"https:\/\/www.vga-fr.org\/sections\/gymnastique-rythmique\/wp-json\/wp\/v2\/posts\/868\/revisions"}],"predecessor-version":[{"id":876,"href":"https:\/\/www.vga-fr.org\/sections\/gymnastique-rythmique\/wp-json\/wp\/v2\/posts\/868\/revisions\/876"}],"wp:featuredmedia":[{"embeddable":true,"href":"https:\/\/www.vga-fr.org\/sections\/gymnastique-rythmique\/wp-json\/wp\/v2\/media\/869"}],"wp:attachment":[{"href":"https:\/\/www.vga-fr.org\/sections\/gymnastique-rythmique\/wp-json\/wp\/v2\/media?parent=868"}],"wp:term":[{"taxonomy":"category","embeddable":true,"href":"https:\/\/www.vga-fr.org\/sections\/gymnastique-rythmique\/wp-json\/wp\/v2\/categories?post=868"},{"taxonomy":"post_tag","embeddable":true,"href":"https:\/\/www.vga-fr.org\/sections\/gymnastique-rythmique\/wp-json\/wp\/v2\/tags?post=868"}],"curies":[{"name":"wp","href":"https:\/\/api.w.org\/{rel}","templated":true}]}}