{"id":867,"date":"2022-03-23T10:49:15","date_gmt":"2022-03-23T09:49:15","guid":{"rendered":"https:\/\/www.vga-fr.org\/sections\/gymnastique-rythmique\/?p=867"},"modified":"2022-04-08T11:10:08","modified_gmt":"2022-04-08T09:10:08","slug":"gr-resultats-competition-interdepartementale-regionale-b-19-20-03-2022-2","status":"publish","type":"post","link":"https:\/\/www.vga-fr.org\/sections\/gymnastique-rythmique\/2022\/03\/23\/gr-resultats-competition-interdepartementale-regionale-b-19-20-03-2022-2\/","title":{"rendered":"[GR] R\u00e9sultats comp\u00e9tition interd\u00e9partementale R\u00e9gionale B, 19-20\/03\/2022"},"content":{"rendered":"<p><strong>7-9 ans<\/strong><br \/>\nMathilde L 2\u00e8me<br \/>\nDiane 5\u00e8me<br \/>\n<strong>10-11 ans <\/strong><br \/>\nM\u00e9lina 1\u00e8re<br \/>\nValentine 2 \u00e8me<br \/>\nLisa D 8\u00e8me<br \/>\n<strong>12-13 ans<\/strong><br \/>\nMina 4\u00e8me<br \/>\nLisa G 8 \u00e8me<br \/>\nLiza 12\u00e8me<br \/>\nRania 15\u00e8me<br \/>\n<strong>14-15 ans<\/strong><br \/>\nMathilde R 17\u00e8me<br \/>\nJustine 22\u00e8me<\/p>\n<p>Bravo \u00e0 toutes et aux deux entra\u00eeneurs Coline et Vanessa merci \u00e9galement \u00e0 notre juge Mathilde Chaumont.<\/p>\n\n\t\t<style type=\"text\/css\">\n\t\t\t#gallery-1 {\n\t\t\t\tmargin: auto;\n\t\t\t}\n\t\t\t#gallery-1 .gallery-item {\n\t\t\t\tfloat: left;\n\t\t\t\tmargin-top: 10px;\n\t\t\t\ttext-align: center;\n\t\t\t\twidth: 25%;\n\t\t\t}\n\t\t\t#gallery-1 img {\n\t\t\t\tborder: 2px solid #cfcfcf;\n\t\t\t}\n\t\t\t#gallery-1 .gallery-caption {\n\t\t\t\tmargin-left: 0;\n\t\t\t}\n\t\t\t\/* see gallery_shortcode() in wp-includes\/media.php *\/\n\t\t<\/style>\n\t\t<div id='gallery-1' class='gallery galleryid-867 gallery-columns-4 gallery-size-medium'><dl class='gallery-item'>\n\t\t\t<dt class='gallery-icon landscape'>\n\t\t\t\t<a href='https:\/\/www.vga-fr.org\/sections\/gymnastique-rythmique\/wp-content\/uploads\/sites\/43\/2022\/04\/276197430_5363748103643688_7287755235167915563_n.jpg'><img width=\"300\" height=\"225\" src=\"https:\/\/www.vga-fr.org\/sections\/gymnastique-rythmique\/wp-content\/uploads\/sites\/43\/2022\/04\/276197430_5363748103643688_7287755235167915563_n-300x225.jpg\" class=\"attachment-medium size-medium\" alt=\"\" loading=\"lazy\" \/><\/a>\n\t\t\t<\/dt><\/dl><dl class='gallery-item'>\n\t\t\t<dt class='gallery-icon portrait'>\n\t\t\t\t<a href='https:\/\/www.vga-fr.org\/sections\/gymnastique-rythmique\/wp-content\/uploads\/sites\/43\/2022\/04\/276143764_5363747966977035_6414178638118182018_n.jpg'><img width=\"225\" height=\"300\" src=\"https:\/\/www.vga-fr.org\/sections\/gymnastique-rythmique\/wp-content\/uploads\/sites\/43\/2022\/04\/276143764_5363747966977035_6414178638118182018_n-225x300.jpg\" class=\"attachment-medium size-medium\" alt=\"\" loading=\"lazy\" \/><\/a>\n\t\t\t<\/dt><\/dl><dl class='gallery-item'>\n\t\t\t<dt class='gallery-icon portrait'>\n\t\t\t\t<a href='https:\/\/www.vga-fr.org\/sections\/gymnastique-rythmique\/wp-content\/uploads\/sites\/43\/2022\/04\/276228151_5363748033643695_8676776907692804938_n.jpg'><img width=\"225\" height=\"300\" src=\"https:\/\/www.vga-fr.org\/sections\/gymnastique-rythmique\/wp-content\/uploads\/sites\/43\/2022\/04\/276228151_5363748033643695_8676776907692804938_n-225x300.jpg\" class=\"attachment-medium size-medium\" alt=\"\" loading=\"lazy\" \/><\/a>\n\t\t\t<\/dt><\/dl><dl class='gallery-item'>\n\t\t\t<dt class='gallery-icon portrait'>\n\t\t\t\t<a href='https:\/\/www.vga-fr.org\/sections\/gymnastique-rythmique\/wp-content\/uploads\/sites\/43\/2022\/04\/275894857_5363739936977838_5175881462952787895_n.jpg'><img width=\"135\" height=\"300\" src=\"https:\/\/www.vga-fr.org\/sections\/gymnastique-rythmique\/wp-content\/uploads\/sites\/43\/2022\/04\/275894857_5363739936977838_5175881462952787895_n-135x300.jpg\" class=\"attachment-medium size-medium\" alt=\"\" loading=\"lazy\" \/><\/a>\n\t\t\t<\/dt><\/dl><br style=\"clear: both\" \/><dl class='gallery-item'>\n\t\t\t<dt class='gallery-icon portrait'>\n\t\t\t\t<a href='https:\/\/www.vga-fr.org\/sections\/gymnastique-rythmique\/wp-content\/uploads\/sites\/43\/2022\/04\/276139520_5363747960310369_6931291141661412059_n.jpg'><img width=\"225\" height=\"300\" src=\"https:\/\/www.vga-fr.org\/sections\/gymnastique-rythmique\/wp-content\/uploads\/sites\/43\/2022\/04\/276139520_5363747960310369_6931291141661412059_n-225x300.jpg\" class=\"attachment-medium size-medium\" alt=\"\" loading=\"lazy\" \/><\/a>\n\t\t\t<\/dt><\/dl><dl class='gallery-item'>\n\t\t\t<dt class='gallery-icon portrait'>\n\t\t\t\t<a href='https:\/\/www.vga-fr.org\/sections\/gymnastique-rythmique\/wp-content\/uploads\/sites\/43\/2022\/04\/276149285_5363748133643685_7951408961676757720_n-1.jpg'><img width=\"225\" height=\"300\" src=\"https:\/\/www.vga-fr.org\/sections\/gymnastique-rythmique\/wp-content\/uploads\/sites\/43\/2022\/04\/276149285_5363748133643685_7951408961676757720_n-1-225x300.jpg\" class=\"attachment-medium size-medium\" alt=\"\" loading=\"lazy\" \/><\/a>\n\t\t\t<\/dt><\/dl>\n\t\t\t<br style='clear: both' \/>\n\t\t<\/div>\n\n","protected":false},"excerpt":{"rendered":"<p>7-9 ans Mathilde L 2\u00e8me Diane 5\u00e8me 10-11 ans M\u00e9lina 1\u00e8re Valentine 2 \u00e8me Lisa D 8\u00e8me 12-13 ans Mina 4\u00e8me Lisa G 8 \u00e8me Liza 12\u00e8me Rania 15\u00e8me 14-15 ans Mathilde R 17\u00e8me Justine 22\u00e8me Bravo \u00e0 toutes et aux deux entra\u00eeneurs Coline et Vanessa merci \u00e9galement \u00e0 notre juge Mathilde Chaumont.<\/p>\n","protected":false},"author":10,"featured_media":883,"comment_status":"open","ping_status":"open","sticky":false,"template":"","format":"standard","meta":{"_seopress_robots_primary_cat":"","_et_pb_use_builder":"","_et_pb_old_content":"","_et_gb_content_width":""},"categories":[1],"tags":[],"_links":{"self":[{"href":"https:\/\/www.vga-fr.org\/sections\/gymnastique-rythmique\/wp-json\/wp\/v2\/posts\/867"}],"collection":[{"href":"https:\/\/www.vga-fr.org\/sections\/gymnastique-rythmique\/wp-json\/wp\/v2\/posts"}],"about":[{"href":"https:\/\/www.vga-fr.org\/sections\/gymnastique-rythmique\/wp-json\/wp\/v2\/types\/post"}],"author":[{"embeddable":true,"href":"https:\/\/www.vga-fr.org\/sections\/gymnastique-rythmique\/wp-json\/wp\/v2\/users\/10"}],"replies":[{"embeddable":true,"href":"https:\/\/www.vga-fr.org\/sections\/gymnastique-rythmique\/wp-json\/wp\/v2\/comments?post=867"}],"version-history":[{"count":1,"href":"https:\/\/www.vga-fr.org\/sections\/gymnastique-rythmique\/wp-json\/wp\/v2\/posts\/867\/revisions"}],"predecessor-version":[{"id":886,"href":"https:\/\/www.vga-fr.org\/sections\/gymnastique-rythmique\/wp-json\/wp\/v2\/posts\/867\/revisions\/886"}],"wp:featuredmedia":[{"embeddable":true,"href":"https:\/\/www.vga-fr.org\/sections\/gymnastique-rythmique\/wp-json\/wp\/v2\/media\/883"}],"wp:attachment":[{"href":"https:\/\/www.vga-fr.org\/sections\/gymnastique-rythmique\/wp-json\/wp\/v2\/media?parent=867"}],"wp:term":[{"taxonomy":"category","embeddable":true,"href":"https:\/\/www.vga-fr.org\/sections\/gymnastique-rythmique\/wp-json\/wp\/v2\/categories?post=867"},{"taxonomy":"post_tag","embeddable":true,"href":"https:\/\/www.vga-fr.org\/sections\/gymnastique-rythmique\/wp-json\/wp\/v2\/tags?post=867"}],"curies":[{"name":"wp","href":"https:\/\/api.w.org\/{rel}","templated":true}]}}