{"id":843,"date":"2021-12-15T13:03:26","date_gmt":"2021-12-15T12:03:26","guid":{"rendered":"https:\/\/www.vga-fr.org\/sections\/gymnastique-rythmique\/?p=843"},"modified":"2021-12-15T13:03:26","modified_gmt":"2021-12-15T12:03:26","slug":"gr-finale-du-championnat-regional-individuel-a-morsang-sur-orge-les-11-12-12-2021","status":"publish","type":"post","link":"https:\/\/www.vga-fr.org\/sections\/gymnastique-rythmique\/2021\/12\/15\/gr-finale-du-championnat-regional-individuel-a-morsang-sur-orge-les-11-12-12-2021\/","title":{"rendered":"[GR] Finale du championnat r\u00e9gional individuel \u00e0 Morsang sur Orge les 11-12\/12\/2021"},"content":{"rendered":"<div class=\"kvgmc6g5 cxmmr5t8 oygrvhab hcukyx3x c1et5uql ii04i59q\">\n<div dir=\"auto\">6 gymnastes de la VGA GR participaient \u00e0 la finale r\u00e9gionale individuelle ce samedi et dimanche.<\/div>\n<div dir=\"auto\"><\/div>\n<div dir=\"auto\"><strong>En R\u00e9gionale A 12\/13 ans<\/strong><\/div>\n<\/div>\n<div class=\"cxmmr5t8 oygrvhab hcukyx3x c1et5uql o9v6fnle ii04i59q\">\n<div dir=\"auto\">Mathilde Imbert 5\u00e8me\/40<\/div>\n<div dir=\"auto\"><\/div>\n<\/div>\n<div class=\"cxmmr5t8 oygrvhab hcukyx3x c1et5uql o9v6fnle ii04i59q\">\n<div dir=\"auto\"><strong>En F\u00e9d\u00e9rale 12\/13 ans<\/strong><\/div>\n<\/div>\n<div class=\"cxmmr5t8 oygrvhab hcukyx3x c1et5uql o9v6fnle ii04i59q\">\n<div dir=\"auto\">Lya Tibo Sully 17\u00e8me\/39<\/div>\n<div dir=\"auto\">Andr\u00e9ea <a class=\"oajrlxb2 g5ia77u1 qu0x051f esr5mh6w e9989ue4 r7d6kgcz rq0escxv nhd2j8a9 nc684nl6 p7hjln8o kvgmc6g5 cxmmr5t8 oygrvhab hcukyx3x jb3vyjys rz4wbd8a qt6c0cv9 a8nywdso i1ao9s8h esuyzwwr f1sip0of lzcic4wl gpro0wi8 q66pz984 b1v8xokw\" tabindex=\"0\" role=\"link\" href=\"https:\/\/www.facebook.com\/ana.glinschi.3\"><span class=\"nc684nl6\">Glinschi<\/span><\/a> 25\u00e8me\/39<\/div>\n<div dir=\"auto\"><\/div>\n<\/div>\n<div class=\"cxmmr5t8 oygrvhab hcukyx3x c1et5uql o9v6fnle ii04i59q\">\n<div dir=\"auto\"><strong>En R\u00e9gionale A 16\/17 ans<\/strong><\/div>\n<\/div>\n<div class=\"cxmmr5t8 oygrvhab hcukyx3x c1et5uql o9v6fnle ii04i59q\">\n<div dir=\"auto\">Laure carr\u00e9 8\u00e8me\/26<\/div>\n<div dir=\"auto\">Lola Brialix 16\u00e8me\/26<\/div>\n<div dir=\"auto\"><\/div>\n<\/div>\n<div class=\"cxmmr5t8 oygrvhab hcukyx3x c1et5uql o9v6fnle ii04i59q\">\n<div dir=\"auto\"><strong>En F\u00e9d\u00e9rale 18 ans et +<\/strong><\/div>\n<\/div>\n<div class=\"cxmmr5t8 oygrvhab hcukyx3x c1et5uql o9v6fnle ii04i59q\">\n<div dir=\"auto\">Juliette Castillo 29\u00e8me\/39<\/div>\n<div dir=\"auto\"><\/div>\n<\/div>\n<div class=\"cxmmr5t8 oygrvhab hcukyx3x c1et5uql o9v6fnle ii04i59q\">\n<div dir=\"auto\">Et voil\u00e0 clap de fin sur la premi\u00e8re partie d\u2019ann\u00e9e de tr\u00e8s beaux r\u00e9sultats avec des podiums.<\/div>\n<div dir=\"auto\">Merci les filles pour nous avoir fait vibrer pendant ces week-ends de comp\u00e9tition.<\/div>\n<div dir=\"auto\"><\/div>\n<\/div>\n<div class=\"cxmmr5t8 oygrvhab hcukyx3x c1et5uql o9v6fnle ii04i59q\">\n<div dir=\"auto\">Merci \u00e0 Vanessa Coquet leur entra\u00eeneur.<\/div>\n<div dir=\"auto\"><\/div>\n<\/div>\n<div class=\"cxmmr5t8 oygrvhab hcukyx3x c1et5uql o9v6fnle ii04i59q\">\n<div dir=\"auto\">Merci \u00e0 nos juges <a class=\"oajrlxb2 g5ia77u1 qu0x051f esr5mh6w e9989ue4 r7d6kgcz rq0escxv nhd2j8a9 nc684nl6 p7hjln8o kvgmc6g5 cxmmr5t8 oygrvhab hcukyx3x jb3vyjys rz4wbd8a qt6c0cv9 a8nywdso i1ao9s8h esuyzwwr f1sip0of lzcic4wl gpro0wi8 q66pz984 b1v8xokw\" tabindex=\"0\" role=\"link\" href=\"https:\/\/www.facebook.com\/emma.stg.10\"><span class=\"nc684nl6\">Emma Saintagne<\/span><\/a>&#8211; Lola Brialix- <a class=\"oajrlxb2 g5ia77u1 qu0x051f esr5mh6w e9989ue4 r7d6kgcz rq0escxv nhd2j8a9 nc684nl6 p7hjln8o kvgmc6g5 cxmmr5t8 oygrvhab hcukyx3x jb3vyjys rz4wbd8a qt6c0cv9 a8nywdso i1ao9s8h esuyzwwr f1sip0of lzcic4wl gpro0wi8 q66pz984 b1v8xokw\" tabindex=\"0\" role=\"link\" href=\"https:\/\/www.facebook.com\/margaux.dfrn\"><span class=\"nc684nl6\">Margaux Dfrn<\/span><\/a> &amp; Laura Guzy qui \u00e0 organiser ces diff\u00e9rentes rotations.<\/div>\n<div dir=\"auto\"><\/div>\n<\/div>\n<div class=\"cxmmr5t8 oygrvhab hcukyx3x c1et5uql o9v6fnle ii04i59q\">\n<div dir=\"auto\">Merci \u00e9galement aux parents supporters<\/div>\n<div dir=\"auto\"><\/div>\n<\/div>\n<div class=\"cxmmr5t8 oygrvhab hcukyx3x c1et5uql o9v6fnle ii04i59q\">\n<div dir=\"auto\">MAINTENANT PLACE \u00c0 LA SECONDE PARTIE :\u00a0avec les CF2 &amp; CF3- R\u00e9gionale B et les \u00e9quipes<\/div>\n<\/div>\n","protected":false},"excerpt":{"rendered":"<p>6 gymnastes de la VGA GR participaient \u00e0 la finale r\u00e9gionale individuelle ce samedi et dimanche. En R\u00e9gionale A 12\/13 ans Mathilde Imbert 5\u00e8me\/40 En F\u00e9d\u00e9rale 12\/13 ans Lya Tibo Sully 17\u00e8me\/39 Andr\u00e9ea Glinschi 25\u00e8me\/39 En R\u00e9gionale A 16\/17 ans Laure carr\u00e9 8\u00e8me\/26 Lola Brialix 16\u00e8me\/26 En F\u00e9d\u00e9rale 18 ans et + Juliette Castillo 29\u00e8me\/39 [&hellip;]<\/p>\n","protected":false},"author":10,"featured_media":0,"comment_status":"open","ping_status":"open","sticky":false,"template":"","format":"standard","meta":{"_seopress_robots_primary_cat":"","_et_pb_use_builder":"","_et_pb_old_content":"","_et_gb_content_width":""},"categories":[1],"tags":[],"_links":{"self":[{"href":"https:\/\/www.vga-fr.org\/sections\/gymnastique-rythmique\/wp-json\/wp\/v2\/posts\/843"}],"collection":[{"href":"https:\/\/www.vga-fr.org\/sections\/gymnastique-rythmique\/wp-json\/wp\/v2\/posts"}],"about":[{"href":"https:\/\/www.vga-fr.org\/sections\/gymnastique-rythmique\/wp-json\/wp\/v2\/types\/post"}],"author":[{"embeddable":true,"href":"https:\/\/www.vga-fr.org\/sections\/gymnastique-rythmique\/wp-json\/wp\/v2\/users\/10"}],"replies":[{"embeddable":true,"href":"https:\/\/www.vga-fr.org\/sections\/gymnastique-rythmique\/wp-json\/wp\/v2\/comments?post=843"}],"version-history":[{"count":2,"href":"https:\/\/www.vga-fr.org\/sections\/gymnastique-rythmique\/wp-json\/wp\/v2\/posts\/843\/revisions"}],"predecessor-version":[{"id":845,"href":"https:\/\/www.vga-fr.org\/sections\/gymnastique-rythmique\/wp-json\/wp\/v2\/posts\/843\/revisions\/845"}],"wp:attachment":[{"href":"https:\/\/www.vga-fr.org\/sections\/gymnastique-rythmique\/wp-json\/wp\/v2\/media?parent=843"}],"wp:term":[{"taxonomy":"category","embeddable":true,"href":"https:\/\/www.vga-fr.org\/sections\/gymnastique-rythmique\/wp-json\/wp\/v2\/categories?post=843"},{"taxonomy":"post_tag","embeddable":true,"href":"https:\/\/www.vga-fr.org\/sections\/gymnastique-rythmique\/wp-json\/wp\/v2\/tags?post=843"}],"curies":[{"name":"wp","href":"https:\/\/api.w.org\/{rel}","templated":true}]}}