{"id":827,"date":"2021-11-16T12:32:13","date_gmt":"2021-11-16T11:32:13","guid":{"rendered":"https:\/\/www.vga-fr.org\/sections\/gymnastique-rythmique\/?p=827"},"modified":"2021-11-16T12:32:13","modified_gmt":"2021-11-16T11:32:13","slug":"gr-resultats-du-championnat-interregional-individuel-a-la-ferte-sous-jouarre-les-13-14-11-2021-2","status":"publish","type":"post","link":"https:\/\/www.vga-fr.org\/sections\/gymnastique-rythmique\/2021\/11\/16\/gr-resultats-du-championnat-interregional-individuel-a-la-ferte-sous-jouarre-les-13-14-11-2021-2\/","title":{"rendered":"[GR] R\u00e9sultats du championnat interr\u00e9gional individuel \u00e0 la Fert\u00e9 sous Jouarre, les 13-14\/11\/2021"},"content":{"rendered":"<p>La VGA GR participait ce weekend au championnat r\u00e9gional individuel \u00e0 la Fert\u00e9 sous Jouarre.<\/p>\n<p>De magnifiques r\u00e9sultats ont \u00e9t\u00e9 obtenus par nos gymnastes. \u00a04 podiums sur 7, et 6 qualifi\u00e9es et les 7 dans le Top 10.<br \/>\nF\u00e9licitations aux gymnastes pour ce retour en comp\u00e9tition tant attendu et Vanessa Coquet l\u2019entra\u00eeneur qui les a motiv\u00e9es plus que jamais.<\/p>\n<p>Merci \u00e9galement \u00e0 nos Juges de ce week-end : Margaux, Laura Guzy, Lola Brialix, Emma Saintagne.<\/p>\n<p>Un tr\u00e8s grand merci et encore bravo \u00e0 toutes<\/p>\n<ul>\n<li>Andr\u00e9ea Glinshi : 1\u00e8re\/15 cat\u00e9gorie f\u00e9d\u00e9rale 12-13 ans<\/li>\n<li>Lya Tibo Sully : 5\/15 cat\u00e9gorie f\u00e9d\u00e9rale 12-13 ans<\/li>\n<li>Mathilde Imbert\u00a0 2\u00e8me\/22 cat\u00e9gorie R\u00e9gionale A 12\/13<\/li>\n<li>Lola Brialix\u00a0 2\u00e8me \/15 cat\u00e9gorie R\u00e9gionale A 16\/17<\/li>\n<li>Laure Carr\u00e9 6\u00e8me \/15 cat\u00e9gorie R\u00e9gionale A 16\/17<\/li>\n<li>Juliette Castillo 3\u00e8me\/21 cat\u00e9gorie f\u00e9d\u00e9rale 18 ans et +<\/li>\n<li>Emma Saintagne 13\/21 cat\u00e9gorie f\u00e9d\u00e9rale 18 ans et + (non qualifi\u00e9e pour la suite)<\/li>\n<\/ul>\n<div id=\"attachment_829\" style=\"width: 179px\" class=\"wp-caption alignnone\"><a href=\"https:\/\/www.vga-fr.org\/sections\/gymnastique-rythmique\/wp-content\/uploads\/sites\/43\/2021\/11\/256815250_4919747054710464_1509701876610072894_n.jpg\"><img aria-describedby=\"caption-attachment-829\" loading=\"lazy\" class=\"size-medium wp-image-829\" src=\"https:\/\/www.vga-fr.org\/sections\/gymnastique-rythmique\/wp-content\/uploads\/sites\/43\/2021\/11\/256815250_4919747054710464_1509701876610072894_n-169x300.jpg\" alt=\"\" width=\"169\" height=\"300\" \/><p id=\"caption-attachment-829\" class=\"wp-caption-text\">\u00a0<\/a> Lola Brialix<\/p><\/div>\n<div id=\"attachment_833\" style=\"width: 179px\" class=\"wp-caption alignnone\"><a href=\"https:\/\/www.vga-fr.org\/sections\/gymnastique-rythmique\/wp-content\/uploads\/sites\/43\/2021\/11\/257538183_4921906984494471_7190142883630522526_n.jpg\"><img aria-describedby=\"caption-attachment-833\" loading=\"lazy\" class=\"size-medium wp-image-833\" src=\"https:\/\/www.vga-fr.org\/sections\/gymnastique-rythmique\/wp-content\/uploads\/sites\/43\/2021\/11\/257538183_4921906984494471_7190142883630522526_n-169x300.jpg\" alt=\"\" width=\"169\" height=\"300\" \/><\/a><p id=\"caption-attachment-833\" class=\"wp-caption-text\">Juliette Castillo<\/p><\/div>\n<div id=\"attachment_832\" style=\"width: 179px\" class=\"wp-caption alignnone\"><a href=\"https:\/\/www.vga-fr.org\/sections\/gymnastique-rythmique\/wp-content\/uploads\/sites\/43\/2021\/11\/256880259_4919604328058070_3293572363411199471_n.jpg\"><img aria-describedby=\"caption-attachment-832\" loading=\"lazy\" class=\"size-medium wp-image-832\" src=\"https:\/\/www.vga-fr.org\/sections\/gymnastique-rythmique\/wp-content\/uploads\/sites\/43\/2021\/11\/256880259_4919604328058070_3293572363411199471_n-169x300.jpg\" alt=\"\" width=\"169\" height=\"300\" \/><\/a><p id=\"caption-attachment-832\" class=\"wp-caption-text\">Mathilde Imbert<\/p><\/div>\n<p><a href=\"https:\/\/www.vga-fr.org\/sections\/gymnastique-rythmique\/wp-content\/uploads\/sites\/43\/2021\/11\/257108445_4919747088043794_938045256537709245_n.jpg\"><img loading=\"lazy\" class=\"alignnone size-medium wp-image-830\" src=\"https:\/\/www.vga-fr.org\/sections\/gymnastique-rythmique\/wp-content\/uploads\/sites\/43\/2021\/11\/257108445_4919747088043794_938045256537709245_n-225x300.jpg\" alt=\"\" width=\"225\" height=\"300\" \/><\/a> <a href=\"https:\/\/www.vga-fr.org\/sections\/gymnastique-rythmique\/wp-content\/uploads\/sites\/43\/2021\/11\/256815260_4919746914710478_3437265258559656623_n.jpg\"><img loading=\"lazy\" class=\"alignnone size-medium wp-image-831\" src=\"https:\/\/www.vga-fr.org\/sections\/gymnastique-rythmique\/wp-content\/uploads\/sites\/43\/2021\/11\/256815260_4919746914710478_3437265258559656623_n-225x300.jpg\" alt=\"\" width=\"225\" height=\"300\" \/>\u00a0<\/a><a href=\"https:\/\/www.vga-fr.org\/sections\/gymnastique-rythmique\/wp-content\/uploads\/sites\/43\/2021\/11\/257364833_4921907141161122_744986775080271863_n.jpg\"><img loading=\"lazy\" class=\"alignnone size-medium wp-image-834\" src=\"https:\/\/www.vga-fr.org\/sections\/gymnastique-rythmique\/wp-content\/uploads\/sites\/43\/2021\/11\/257364833_4921907141161122_744986775080271863_n-225x300.jpg\" alt=\"\" width=\"225\" height=\"300\" \/><\/a> <a href=\"https:\/\/www.vga-fr.org\/sections\/gymnastique-rythmique\/wp-content\/uploads\/sites\/43\/2021\/11\/257101233_4921906951161141_1846447672307962564_n.jpg\"><img loading=\"lazy\" class=\"alignnone size-medium wp-image-835\" src=\"https:\/\/www.vga-fr.org\/sections\/gymnastique-rythmique\/wp-content\/uploads\/sites\/43\/2021\/11\/257101233_4921906951161141_1846447672307962564_n-225x300.jpg\" alt=\"\" width=\"225\" height=\"300\" \/><\/a><\/p>\n","protected":false},"excerpt":{"rendered":"<p>La VGA GR participait ce weekend au championnat r\u00e9gional individuel \u00e0 la Fert\u00e9 sous Jouarre. De magnifiques r\u00e9sultats ont \u00e9t\u00e9 obtenus par nos gymnastes. \u00a04 podiums sur 7, et 6 qualifi\u00e9es et les 7 dans le Top 10. F\u00e9licitations aux gymnastes pour ce retour en comp\u00e9tition tant attendu et Vanessa Coquet l\u2019entra\u00eeneur qui les a [&hellip;]<\/p>\n","protected":false},"author":10,"featured_media":828,"comment_status":"open","ping_status":"open","sticky":false,"template":"","format":"standard","meta":{"_seopress_robots_primary_cat":"","_et_pb_use_builder":"","_et_pb_old_content":"","_et_gb_content_width":""},"categories":[1],"tags":[],"_links":{"self":[{"href":"https:\/\/www.vga-fr.org\/sections\/gymnastique-rythmique\/wp-json\/wp\/v2\/posts\/827"}],"collection":[{"href":"https:\/\/www.vga-fr.org\/sections\/gymnastique-rythmique\/wp-json\/wp\/v2\/posts"}],"about":[{"href":"https:\/\/www.vga-fr.org\/sections\/gymnastique-rythmique\/wp-json\/wp\/v2\/types\/post"}],"author":[{"embeddable":true,"href":"https:\/\/www.vga-fr.org\/sections\/gymnastique-rythmique\/wp-json\/wp\/v2\/users\/10"}],"replies":[{"embeddable":true,"href":"https:\/\/www.vga-fr.org\/sections\/gymnastique-rythmique\/wp-json\/wp\/v2\/comments?post=827"}],"version-history":[{"count":3,"href":"https:\/\/www.vga-fr.org\/sections\/gymnastique-rythmique\/wp-json\/wp\/v2\/posts\/827\/revisions"}],"predecessor-version":[{"id":838,"href":"https:\/\/www.vga-fr.org\/sections\/gymnastique-rythmique\/wp-json\/wp\/v2\/posts\/827\/revisions\/838"}],"wp:featuredmedia":[{"embeddable":true,"href":"https:\/\/www.vga-fr.org\/sections\/gymnastique-rythmique\/wp-json\/wp\/v2\/media\/828"}],"wp:attachment":[{"href":"https:\/\/www.vga-fr.org\/sections\/gymnastique-rythmique\/wp-json\/wp\/v2\/media?parent=827"}],"wp:term":[{"taxonomy":"category","embeddable":true,"href":"https:\/\/www.vga-fr.org\/sections\/gymnastique-rythmique\/wp-json\/wp\/v2\/categories?post=827"},{"taxonomy":"post_tag","embeddable":true,"href":"https:\/\/www.vga-fr.org\/sections\/gymnastique-rythmique\/wp-json\/wp\/v2\/tags?post=827"}],"curies":[{"name":"wp","href":"https:\/\/api.w.org\/{rel}","templated":true}]}}