{"id":825,"date":"2021-11-16T12:01:24","date_gmt":"2021-11-16T11:01:24","guid":{"rendered":"https:\/\/www.vga-fr.org\/sections\/gymnastique-rythmique\/?p=825"},"modified":"2021-11-16T12:01:24","modified_gmt":"2021-11-16T11:01:24","slug":"gr-resultats-du-championnat-interregional-individuel-a-la-ferte-sous-jouarre-les-13-14-11-2021","status":"publish","type":"post","link":"https:\/\/www.vga-fr.org\/sections\/gymnastique-rythmique\/2021\/11\/16\/gr-resultats-du-championnat-interregional-individuel-a-la-ferte-sous-jouarre-les-13-14-11-2021\/","title":{"rendered":"[GR] R\u00e9sultats du championnat interr\u00e9gional individuel \u00e0 la Fert\u00e9 sous Jouarre, les 13-14\/11\/2021"},"content":{"rendered":"<p>La VGA GR participait ce weekend au championnat r\u00e9gional individuel \u00e0 la Fert\u00e9 sous Jouarre.<\/p>\n<p>De magnifiques r\u00e9sultats ont \u00e9t\u00e9 obtenus par nos gyms !<\/p>\n<p>Dans la cat\u00e9gorie f\u00e9d\u00e9rale 12-13 ans<\/p>\n<p>&nbsp;<\/p>\n<ul>\n<li>Andr\u00e9ea Glinshi 1\u00e8re\/15<\/li>\n<li>Lya Tibo Sully\u00a0 5\/15<br \/>\nElles sont toutes les deux qualifi\u00e9es pour les r\u00e9gionales du 11\/12 decembre<\/li>\n<\/ul>\n","protected":false},"excerpt":{"rendered":"<p>La VGA GR participait ce weekend au championnat r\u00e9gional individuel \u00e0 la Fert\u00e9 sous Jouarre. De magnifiques r\u00e9sultats ont \u00e9t\u00e9 obtenus par nos gyms ! Dans la cat\u00e9gorie f\u00e9d\u00e9rale 12-13 ans &nbsp; Andr\u00e9ea Glinshi 1\u00e8re\/15 Lya Tibo Sully\u00a0 5\/15 Elles sont toutes les deux qualifi\u00e9es pour les r\u00e9gionales du 11\/12 decembre<\/p>\n","protected":false},"author":10,"featured_media":0,"comment_status":"open","ping_status":"open","sticky":false,"template":"","format":"standard","meta":{"_seopress_robots_primary_cat":"","_et_pb_use_builder":"","_et_pb_old_content":"","_et_gb_content_width":""},"categories":[1],"tags":[],"_links":{"self":[{"href":"https:\/\/www.vga-fr.org\/sections\/gymnastique-rythmique\/wp-json\/wp\/v2\/posts\/825"}],"collection":[{"href":"https:\/\/www.vga-fr.org\/sections\/gymnastique-rythmique\/wp-json\/wp\/v2\/posts"}],"about":[{"href":"https:\/\/www.vga-fr.org\/sections\/gymnastique-rythmique\/wp-json\/wp\/v2\/types\/post"}],"author":[{"embeddable":true,"href":"https:\/\/www.vga-fr.org\/sections\/gymnastique-rythmique\/wp-json\/wp\/v2\/users\/10"}],"replies":[{"embeddable":true,"href":"https:\/\/www.vga-fr.org\/sections\/gymnastique-rythmique\/wp-json\/wp\/v2\/comments?post=825"}],"version-history":[{"count":1,"href":"https:\/\/www.vga-fr.org\/sections\/gymnastique-rythmique\/wp-json\/wp\/v2\/posts\/825\/revisions"}],"predecessor-version":[{"id":826,"href":"https:\/\/www.vga-fr.org\/sections\/gymnastique-rythmique\/wp-json\/wp\/v2\/posts\/825\/revisions\/826"}],"wp:attachment":[{"href":"https:\/\/www.vga-fr.org\/sections\/gymnastique-rythmique\/wp-json\/wp\/v2\/media?parent=825"}],"wp:term":[{"taxonomy":"category","embeddable":true,"href":"https:\/\/www.vga-fr.org\/sections\/gymnastique-rythmique\/wp-json\/wp\/v2\/categories?post=825"},{"taxonomy":"post_tag","embeddable":true,"href":"https:\/\/www.vga-fr.org\/sections\/gymnastique-rythmique\/wp-json\/wp\/v2\/tags?post=825"}],"curies":[{"name":"wp","href":"https:\/\/api.w.org\/{rel}","templated":true}]}}