{"id":1160,"date":"2026-03-13T15:54:12","date_gmt":"2026-03-13T14:54:12","guid":{"rendered":"https:\/\/www.vga-fr.org\/sections\/danse\/?p=1160"},"modified":"2026-03-13T15:54:12","modified_gmt":"2026-03-13T14:54:12","slug":"danse-isabelle-presidente-de-la-section-danse-lhumain-et-la-convivialite-au-coeur-du-projet","status":"publish","type":"post","link":"https:\/\/www.vga-fr.org\/sections\/danse\/2026\/03\/13\/danse-isabelle-presidente-de-la-section-danse-lhumain-et-la-convivialite-au-coeur-du-projet\/","title":{"rendered":"[DANSE] Isabelle, Pr\u00e9sidente de la section Danse : L\u2019humain et la convivialit\u00e9 au c\u0153ur du projet"},"content":{"rendered":"<p><strong>Qu&rsquo;est-ce qui anime ceux qui font vivre nos sections au quotidien ? Isabelle, pr\u00e9sidente de la section danse, nous ouvre les portes de son univers. Entre gestion de projets et lien humain, elle revient sur son parcours de passionn\u00e9e et nous explique comment elle accompagne l&rsquo;\u00e9volution de cette discipline embl\u00e9matique de la VGA pour en faire un lieu d&rsquo;\u00e9panouissement pour toutes les g\u00e9n\u00e9rations.<\/strong><\/p>\n<p><strong>Pouvez-vous vous pr\u00e9senter et revenir sur votre parcours au sein de la section danse ?<br \/>\n<\/strong>\u201cJ\u2019ai commenc\u00e9 la danse \u00e0 l\u2019\u00e2ge de 6 ans. Depuis, elle fait partie int\u00e9grante de mon parcours sportif et personnel. La danse classique m\u2019a particuli\u00e8rement marqu\u00e9e : elle m\u2019a appris la rigueur, la discipline, l\u2019\u00e9coute, mais aussi la passion.<br \/>\nJ\u2019ai rejoint la VGA o\u00f9 j\u2019ai d\u2019abord pratiqu\u00e9 la barre au sol avant de retrouver la danse classique. La danse a toujours occup\u00e9 une place importante dans ma vie.<br \/>\nMon arriv\u00e9e \u00e0 la pr\u00e9sidence s\u2019est faite assez naturellement, \u00e0 un moment o\u00f9 la section avait besoin d\u2019une nouvelle restructuration. J\u2019ai alors choisi de m\u2019engager pour accompagner cette \u00e9volution et continuer \u00e0 faire vivre cette belle discipline au sein de la VGA.\u201d<\/p>\n<p><strong>Qu\u2019est-ce qui vous a donn\u00e9 envie de vous engager en tant que b\u00e9n\u00e9vole puis pr\u00e9sidente ?\u00a0<\/strong><br \/>\n\u201cPour moi, le b\u00e9n\u00e9volat est un acte important : c\u2019est donner de son temps et de son \u00e9nergie pour faire vivre un projet commun.<br \/>\n\u00catre pr\u00e9sidente, c\u2019est aussi avant tout une aventure humaine. C\u2019est cr\u00e9er du lien avec les professeurs, les adh\u00e9rents, les familles et l\u2019ensemble des personnes qui font vivre la VGA. J\u2019accorde beaucoup d\u2019importance aux relations humaines et \u00e0 une bonne coh\u00e9sion et entente de la section. Quand les personnes se sentent bien, ils ont naturellement envie de s\u2019investir et de partager leurs dynamismes\u201d.<\/p>\n<p><strong>En quoi consiste votre r\u00f4le de pr\u00e9sidente au quotidien ?<\/strong><br \/>\nMon r\u00f4le est avant tout d\u2019avoir une vision d\u2019ensemble et de veiller \u00e0 la bonne coordination de la section. Je ne m\u2019occupe pas des contenus p\u00e9dagogiques des cours, qui rel\u00e8ve du travail des professeurs qualifi\u00e9s, mais je veille \u00e0 ce que tout fonctionne de mani\u00e8re coh\u00e9rente et organis\u00e9e.<br \/>\nCela passe par l\u2019acception de projets, la validation des \u00e9v\u00e9nements et la coordination g\u00e9n\u00e9rale de la section. Il est aussi tr\u00e8s important pour moi que nos professeurs soient biens, car ce sont eux qui transmettent la danse au quotidien et qui font vivre la section aupr\u00e8s de nos adh\u00e9rents.\u201d<\/p>\n<p><strong>Quelles sont les principales responsabilit\u00e9s qui vous incombent ?<\/strong><br \/>\n\u201cMa responsabilit\u00e9 est de porter la vision et le d\u00e9veloppement de la section danse. Je repr\u00e9sente \u00e9galement l\u2019image de la VGA, une institution reconnue et solidement ancr\u00e9e dans la vie locale.<br \/>\nMon r\u00f4le est de donner une direction claire et de veiller \u00e0 ce que chacun \u2014 professeurs, b\u00e9n\u00e9voles et adh\u00e9rents \u2014 puisse \u00e9voluer dans un cadre structur\u00e9, dynamique et bienveillant. L\u2019objectif est de cr\u00e9er les conditions pour que la section continue de progresser tout en restant fid\u00e8le \u00e0 ses valeurs.<br \/>\nCela implique aussi de veiller au respect de certaines r\u00e8gles indispensables au bon fonctionnement de la section. Elles garantissent un cadre clair et \u00e9quitable pour tous et permettent \u00e0 chacun de s\u2019\u00e9panouir dans les meilleures conditions.\u201d<\/p>\n<p><img loading=\"lazy\" class=\"alignnone size-full wp-image-1163\" src=\"https:\/\/www.vga-fr.org\/sections\/danse\/wp-content\/uploads\/sites\/37\/2026\/03\/Repetition-Classique.jpg\" alt=\"\" width=\"1660\" height=\"1536\" srcset=\"https:\/\/www.vga-fr.org\/sections\/danse\/wp-content\/uploads\/sites\/37\/2026\/03\/Repetition-Classique.jpg 1660w, https:\/\/www.vga-fr.org\/sections\/danse\/wp-content\/uploads\/sites\/37\/2026\/03\/Repetition-Classique-1280x1184.jpg 1280w, https:\/\/www.vga-fr.org\/sections\/danse\/wp-content\/uploads\/sites\/37\/2026\/03\/Repetition-Classique-980x907.jpg 980w, https:\/\/www.vga-fr.org\/sections\/danse\/wp-content\/uploads\/sites\/37\/2026\/03\/Repetition-Classique-480x444.jpg 480w\" sizes=\"(min-width: 0px) and (max-width: 480px) 480px, (min-width: 481px) and (max-width: 980px) 980px, (min-width: 981px) and (max-width: 1280px) 1280px, (min-width: 1281px) 1660px, 100vw\" \/><\/p>\n<p><strong>Quelle est la partie de votre mission que vous pr\u00e9f\u00e9rez ?<\/strong><br \/>\n\u201cCe que j\u2019appr\u00e9cie le plus, c\u2019est la dimension humaine. Ce r\u00f4le permet de rencontrer \u00e9norm\u00e9ment de personnes : les professeurs, les adh\u00e9rents, les autres pr\u00e9sidents de section, les associations partenaires ou encore les \u00e9quipes de la mairie.<br \/>\nCela cr\u00e9e un v\u00e9ritable r\u00e9seau et des \u00e9changes tr\u00e8s enrichissants. Pour moi, l\u2019humain est vraiment au c\u0153ur de tout et c\u2019est ce qui rend la mission si enrichissante.\u201d<\/p>\n<p><strong>Comment d\u00e9cririez vous l\u2019\u00e9volution de la section danse ces derni\u00e8res ann\u00e9es ?<\/strong><br \/>\nLa section danse a su \u00e9voluer avec son temps et s\u2019adapter aux attentes des familles et des pratiquants. Nous avons \u00e9largi notre offre avec des disciplines plus actuelles comme la K- pop ou le Breakdance, tout en conservant des bases solides avec la danse classique, le modern jazz ou le contemporain.<br \/>\nNous avons \u00e9galement renforc\u00e9 notre pr\u00e9sence sur les r\u00e9seaux sociaux afin de mieux faire conna\u00eetre la section et valoriser le travail de nos professeurs et de nos \u00e9l\u00e8ves.\u201d<\/p>\n<p><strong>Quelles sont les sp\u00e9cificit\u00e9s ou forces de la section ?<\/strong><br \/>\n\u00abNotre premi\u00e8re force est sans aucun doute la qualit\u00e9 de nos professeurs. Beaucoup d\u2019entre eux \u00e9voluent dans de tr\u00e8s belles \u00e9coles, participent \u00e0 des spectacles et b\u00e9n\u00e9ficient d\u2019une reconnaissance dans leur domaine.<br \/>\nMais ce qui fait aussi la singularit\u00e9 de notre section, c\u2019est l\u2019esprit familial qui y r\u00e8gne. Les professeurs entretiennent une relation tr\u00e8s attentive avec les adh\u00e9rents. Lorsqu\u2019un adh\u00e9rent s\u2019absente plusieurs cours, les professeurs s\u2019en pr\u00e9occupent et prennent des nouvelles. Cette attention montre bien l\u2019esprit humain qui anime la section.\u201d<\/p>\n<p><strong>Quels styles de danse proposez-vous et \u00e0 quel public vous adressez-vous ?<\/strong><br \/>\n\u00abNous proposons une grande diversit\u00e9 de disciplines. On retrouve les fondamentaux comme la danse classique, le modern jazz et le contemporain, mais aussi des styles plus urbains comme le hip-hop, le breakdance, le street jazz ou la K-pop.<br \/>\nNous avons \u00e9galement d\u00e9velopp\u00e9 des cours de com\u00e9die musicale ainsi que le fitness avec du renforcement musculaire en plus de la zumba ou du ballet sculpt.<br \/>\nNotre public est tr\u00e8s vari\u00e9. Certaines disciplines attirent davantage les adolescents, comme le breakdance ou la K-pop, tandis que la danse classique accueille des \u00e9l\u00e8ves d\u00e8s le plus jeune \u00e2ge. Du c\u00f4t\u00e9 du fitness, nous avons aussi des adh\u00e9rents plus \u00e2g\u00e9s : la plus \u00e2g\u00e9e approche m\u00eame les 80 ans. Cela montre que la danse et le mouvement peuvent accompagner toutes les g\u00e9n\u00e9rations.\u201d<\/p>\n<p><strong>Qu\u2019est-ce que repr\u00e9sente le b\u00e9n\u00e9volat pour vous ?<\/strong><br \/>\n\u00abLe b\u00e9n\u00e9volat repr\u00e9sente un v\u00e9ritable investissement personnel. C\u2019est donner de son temps pour quelque chose qui nous tient \u00e0 c\u0153ur.<br \/>\nJe pense qu\u2019on ne peut pas faire du b\u00e9n\u00e9volat par obligation. Il faut un moteur, et ce moteur, c\u2019est la passion ou la conviction en quelque chose. Dans mon cas, c\u2019est la danse. Quand on aime profond\u00e9ment une activit\u00e9, on a naturellement envie de s\u2019investir pour la faire vivre et la partager.\u201d<\/p>\n<p><strong>Avez-vous un souvenir marquant v\u00e9cu gr\u00e2ce \u00e0 votre engagement ?<\/strong><br \/>\n\u00abLe moment le plus marquant reste sans doute le gala de danse. C\u2019est l\u2019aboutissement de toute une ann\u00e9e de travail pour les \u00e9l\u00e8ves, les professeurs et les b\u00e9n\u00e9voles.<br \/>\nVoir les familles fi\u00e8res et heureuses, ressentir l\u2019\u00e9motion sur sc\u00e8ne et dans la salle, et constater l\u2019investissement de chacun est toujours un moment tr\u00e8s fort. C\u2019est une belle reconnaissance du travail accompli tout au long de l\u2019ann\u00e9e.\u201d<\/p>\n<p><img loading=\"lazy\" class=\"alignnone wp-image-1162 size-full\" src=\"https:\/\/www.vga-fr.org\/sections\/danse\/wp-content\/uploads\/sites\/37\/2026\/03\/Coulisse-gala.jpg\" alt=\"\" width=\"1530\" height=\"2040\" srcset=\"https:\/\/www.vga-fr.org\/sections\/danse\/wp-content\/uploads\/sites\/37\/2026\/03\/Coulisse-gala.jpg 1530w, https:\/\/www.vga-fr.org\/sections\/danse\/wp-content\/uploads\/sites\/37\/2026\/03\/Coulisse-gala-1280x1707.jpg 1280w, https:\/\/www.vga-fr.org\/sections\/danse\/wp-content\/uploads\/sites\/37\/2026\/03\/Coulisse-gala-980x1307.jpg 980w, https:\/\/www.vga-fr.org\/sections\/danse\/wp-content\/uploads\/sites\/37\/2026\/03\/Coulisse-gala-480x640.jpg 480w\" sizes=\"(min-width: 0px) and (max-width: 480px) 480px, (min-width: 481px) and (max-width: 980px) 980px, (min-width: 981px) and (max-width: 1280px) 1280px, (min-width: 1281px) 1530px, 100vw\" \/><\/p>\n<p><strong>Quels sont les projets actuels ou futurs pour la section danse ?<\/strong><br \/>\n\u00abNous souhaitons continuer \u00e0 d\u00e9velopper les disciplines existantes tout en restant attentifs aux nouvelles tendances. L\u2019objectif est de proposer une offre toujours dynamique et attractive.<br \/>\nNous r\u00e9fl\u00e9chissons par exemple \u00e0 l\u2019ouverture de nouveaux cours qui fonctionnent bien sur Paris, ou encore \u00e0 des danses plus collectives ou certaines danses de groupe qui apportent beaucoup de convivialit\u00e9.<br \/>\n\u00c0 plus long terme, nous aimerions aussi explorer la possibilit\u00e9 de d\u00e9velopper des projets autour de la danse de comp\u00e9tition.<\/p>\n<p><strong>Pourquoi recommanderiez vous \u00e0 quelqu\u2019un de rejoindre la section danse ?<\/strong><br \/>\n\u00abLa section danse est un lieu d\u2019\u00e9nergie, de partage et de passion.<br \/>\nChacun peut y trouver sa place, que ce soit pour d\u00e9couvrir la danse, se perfectionner ou<br \/>\nsimplement se faire plaisir.<br \/>\nGr\u00e2ce \u00e0 la diversit\u00e9 des disciplines et \u00e0 l\u2019engagement de nos professeurs, chacun \u00e9volue dans une ambiance dynamique et bienveillante.<br \/>\nLa danse cr\u00e9e des moments uniques, sur sc\u00e8ne comme en cours.<br \/>\nLe mieux est encore de venir essayer\u2026 \u201c<\/p>\n","protected":false},"excerpt":{"rendered":"<p>Qu&rsquo;est-ce qui anime ceux qui font vivre nos sections au quotidien ? Isabelle, pr\u00e9sidente de la section danse, nous ouvre les portes de son univers. Entre gestion de projets et lien humain, elle revient sur son parcours de passionn\u00e9e et nous explique comment elle accompagne l&rsquo;\u00e9volution de cette discipline embl\u00e9matique de la VGA pour en [&hellip;]<\/p>\n","protected":false},"author":16,"featured_media":1164,"comment_status":"open","ping_status":"open","sticky":false,"template":"","format":"standard","meta":{"_seopress_robots_primary_cat":"none","_et_pb_use_builder":"","_et_pb_old_content":"","_et_gb_content_width":""},"categories":[1],"tags":[],"_links":{"self":[{"href":"https:\/\/www.vga-fr.org\/sections\/danse\/wp-json\/wp\/v2\/posts\/1160"}],"collection":[{"href":"https:\/\/www.vga-fr.org\/sections\/danse\/wp-json\/wp\/v2\/posts"}],"about":[{"href":"https:\/\/www.vga-fr.org\/sections\/danse\/wp-json\/wp\/v2\/types\/post"}],"author":[{"embeddable":true,"href":"https:\/\/www.vga-fr.org\/sections\/danse\/wp-json\/wp\/v2\/users\/16"}],"replies":[{"embeddable":true,"href":"https:\/\/www.vga-fr.org\/sections\/danse\/wp-json\/wp\/v2\/comments?post=1160"}],"version-history":[{"count":5,"href":"https:\/\/www.vga-fr.org\/sections\/danse\/wp-json\/wp\/v2\/posts\/1160\/revisions"}],"predecessor-version":[{"id":1170,"href":"https:\/\/www.vga-fr.org\/sections\/danse\/wp-json\/wp\/v2\/posts\/1160\/revisions\/1170"}],"wp:featuredmedia":[{"embeddable":true,"href":"https:\/\/www.vga-fr.org\/sections\/danse\/wp-json\/wp\/v2\/media\/1164"}],"wp:attachment":[{"href":"https:\/\/www.vga-fr.org\/sections\/danse\/wp-json\/wp\/v2\/media?parent=1160"}],"wp:term":[{"taxonomy":"category","embeddable":true,"href":"https:\/\/www.vga-fr.org\/sections\/danse\/wp-json\/wp\/v2\/categories?post=1160"},{"taxonomy":"post_tag","embeddable":true,"href":"https:\/\/www.vga-fr.org\/sections\/danse\/wp-json\/wp\/v2\/tags?post=1160"}],"curies":[{"name":"wp","href":"https:\/\/api.w.org\/{rel}","templated":true}]}}