{"id":1592,"date":"2024-07-24T11:04:19","date_gmt":"2024-07-24T09:04:19","guid":{"rendered":"https:\/\/www.vga-fr.org\/sections\/basket-ball\/?p=1592"},"modified":"2024-07-24T11:04:19","modified_gmt":"2024-07-24T09:04:19","slug":"basket-bilan-des-resultats-sportifs-de-la-saison-2023-2024","status":"publish","type":"post","link":"https:\/\/www.vga-fr.org\/sections\/basket-ball\/2024\/07\/24\/basket-bilan-des-resultats-sportifs-de-la-saison-2023-2024\/","title":{"rendered":"[BASKET] Bilan des r\u00e9sultats sportifs de la saison 2023\/2024"},"content":{"rendered":"<h1>R\u00e9sultats sportifs<\/h1>\n<table style=\"width: 706px;\" width=\"713\">\n<tbody>\n<tr>\n<td style=\"width: 83.3333px;\"><strong>EQUIPE<\/strong><\/td>\n<td style=\"width: 258.139px;\"><strong>niveau<\/strong><\/td>\n<td style=\"width: 158.667px;\"><strong>coach<\/strong><\/td>\n<td style=\"width: 180.083px;\"><strong>observations<\/strong><\/td>\n<\/tr>\n<tr>\n<td style=\"width: 83.3333px;\"><strong>SM1<\/strong><\/td>\n<td style=\"width: 258.139px;\">N3 (8\u00e8me\/14)<\/td>\n<td style=\"width: 158.667px;\">Maachou Mekri<\/td>\n<td style=\"width: 180.083px;\">Maintien en N3<\/td>\n<\/tr>\n<tr>\n<td style=\"width: 83.3333px;\"><strong>SM2<\/strong><\/td>\n<td style=\"width: 258.139px;\">region 2\u00e8me div (9\u00e8me\/12)<\/td>\n<td style=\"width: 158.667px;\">Shahab Darvish<\/td>\n<td style=\"width: 180.083px;\">descente en r\u00e9gion Div 3<\/td>\n<\/tr>\n<tr>\n<td style=\"width: 83.3333px;\"><strong>SF1<\/strong><\/td>\n<td style=\"width: 258.139px;\">Pr\u00e9 Nat (4\u00e8me\/14)<\/td>\n<td style=\"width: 158.667px;\">Mehdi Laroui<\/td>\n<td style=\"width: 180.083px;\">Mont\u00e9e en N3<\/td>\n<\/tr>\n<tr>\n<td style=\"width: 83.3333px;\"><strong>\u00a0<\/strong><\/td>\n<td style=\"width: 258.139px;\">&nbsp;<\/td>\n<td style=\"width: 158.667px;\">Jeremy Rosa<\/td>\n<td style=\"width: 180.083px;\">&nbsp;<\/td>\n<\/tr>\n<tr>\n<td style=\"width: 83.3333px;\"><strong>SF2<\/strong><\/td>\n<td style=\"width: 258.139px;\">d\u00e9partement Div 1 (9\u00e8me\/10)<\/td>\n<td style=\"width: 158.667px;\">Ghali Beghdadi<\/td>\n<td style=\"width: 180.083px;\">&nbsp;<\/td>\n<\/tr>\n<tr>\n<td style=\"width: 83.3333px;\"><strong>U20 M1<\/strong><\/td>\n<td style=\"width: 258.139px;\">region div 2 4\u00e8me\/6)<\/td>\n<td style=\"width: 158.667px;\">Ibou Diallo<\/td>\n<td style=\"width: 180.083px;\">maintien en r\u00e9gion div 2<\/td>\n<\/tr>\n<tr>\n<td style=\"width: 83.3333px;\"><strong>U20 M2<\/strong><\/td>\n<td style=\"width: 258.139px;\">departement div 1 (6\u00e8me\/6)<\/td>\n<td style=\"width: 158.667px;\">Karim Bah<\/td>\n<td style=\"width: 180.083px;\">&nbsp;<\/td>\n<\/tr>\n<tr>\n<td style=\"width: 83.3333px;\"><strong>U17 M1<\/strong><\/td>\n<td style=\"width: 258.139px;\">r\u00e9gion div 3 (1er\/6)<\/td>\n<td style=\"width: 158.667px;\">Maachou Mekri<\/td>\n<td style=\"width: 180.083px;\">maintien en r\u00e9gion Div 3<\/td>\n<\/tr>\n<tr>\n<td style=\"width: 83.3333px;\"><strong><span style=\"color: #ff0000;\">U17 M2<\/span><\/strong><\/td>\n<td style=\"width: 258.139px;\"><strong><span style=\"color: #ff0000;\">d\u00e9partement div 2 (1er\/6)<\/span><\/strong><\/td>\n<td style=\"width: 158.667px;\"><strong><span style=\"color: #ff0000;\">Romain Nomin\u00e9<\/span><\/strong><\/td>\n<td style=\"width: 180.083px;\"><span style=\"color: #ff0000;\"><strong>\u00c9quipe championne<\/strong><\/span><\/td>\n<\/tr>\n<tr>\n<td style=\"width: 83.3333px;\"><strong>U17 M3<\/strong><\/td>\n<td style=\"width: 258.139px;\">d\u00e9partement 3\u00e8me Div (1er\/6)<\/td>\n<td style=\"width: 158.667px;\">\u00a0Sohan Mathore<\/td>\n<td style=\"width: 180.083px;\">&nbsp;<\/td>\n<\/tr>\n<tr>\n<td style=\"width: 83.3333px;\"><strong>U18 F1<\/strong><\/td>\n<td style=\"width: 258.139px;\">departement 1\u00e8re Div (3\u00e8me\/6)<\/td>\n<td style=\"width: 158.667px;\">Yaya Thiam<\/td>\n<td style=\"width: 180.083px;\">TQR<\/td>\n<\/tr>\n<tr>\n<td style=\"width: 83.3333px;\"><span style=\"color: #ff0000;\"><strong>U18 F2<\/strong><\/span><\/td>\n<td style=\"width: 258.139px;\"><span style=\"color: #ff0000;\"><strong>d\u00e9partement 2\u00e8me Div (2\u00e8me\/6)<\/strong><\/span><\/td>\n<td style=\"width: 158.667px;\"><span style=\"color: #ff0000;\"><strong>Karim Bah<\/strong><\/span><\/td>\n<td style=\"width: 180.083px;\"><span style=\"color: #ff0000;\"><strong>\u00c9quipe vice-champonne<\/strong><\/span><\/td>\n<\/tr>\n<tr>\n<td style=\"width: 83.3333px;\"><span style=\"color: #ff0000;\"><strong>U15M1<\/strong><\/span><\/td>\n<td style=\"width: 258.139px;\"><span style=\"color: #ff0000;\"><strong>d\u00e9partement 1\u00e8re Div (1er\/10)<\/strong><\/span><\/td>\n<td style=\"width: 158.667px;\"><span style=\"color: #ff0000;\"><strong>Jeff Grinnaert<\/strong><\/span><\/td>\n<td style=\"width: 180.083px;\"><span style=\"color: #ff0000;\"><strong>TQR<\/strong><\/span><\/td>\n<\/tr>\n<tr>\n<td style=\"width: 83.3333px;\"><strong>U15 M2<\/strong><\/td>\n<td style=\"width: 258.139px;\">departement 2\u00e8me Div (2\u00e8me\/6)<\/td>\n<td style=\"width: 158.667px;\">Arthur Tabardel<\/td>\n<td style=\"width: 180.083px;\">&nbsp;<\/td>\n<\/tr>\n<tr>\n<td style=\"width: 83.3333px;\"><strong>U15 M3<\/strong><\/td>\n<td style=\"width: 258.139px;\">d\u00e9partement 3\u00e8me Div (4\u00e8me\/6)<\/td>\n<td style=\"width: 158.667px;\">\u00a0Malcom Vasseaux<\/td>\n<td style=\"width: 180.083px;\">&nbsp;<\/td>\n<\/tr>\n<tr>\n<td style=\"width: 83.3333px;\"><strong>U15 F1<\/strong><\/td>\n<td style=\"width: 258.139px;\">Region Div 2 (6\u00e8me\/6)<\/td>\n<td style=\"width: 158.667px;\">Mathieu Barnoud<\/td>\n<td style=\"width: 180.083px;\">descente en r\u00e9gion Div 3<\/td>\n<\/tr>\n<tr>\n<td style=\"width: 83.3333px;\"><strong>\u00a0<\/strong><\/td>\n<td style=\"width: 258.139px;\">&nbsp;<\/td>\n<td style=\"width: 158.667px;\">Fatima Diaby<\/td>\n<td style=\"width: 180.083px;\">&nbsp;<\/td>\n<\/tr>\n<tr>\n<td style=\"width: 83.3333px;\"><span style=\"color: #ff0000;\"><strong>U15 F2<\/strong><\/span><\/td>\n<td style=\"width: 258.139px;\"><span style=\"color: #ff0000;\"><strong>d\u00e9partement 3\u00e8me Div (1er\/6)<\/strong><\/span><\/td>\n<td style=\"width: 158.667px;\"><span style=\"color: #ff0000;\"><strong>Fatima Diaby<\/strong><\/span><\/td>\n<td style=\"width: 180.083px;\"><strong><span style=\"color: #ff0000;\">\u00c9quipe championne<\/span><\/strong><\/td>\n<\/tr>\n<tr>\n<td style=\"width: 83.3333px;\"><strong>U13 M1<\/strong><\/td>\n<td style=\"width: 258.139px;\">Region Div 4 (6\u00e8me\/8)<\/td>\n<td style=\"width: 158.667px;\">Seb Lapina<\/td>\n<td style=\"width: 180.083px;\">TQR<\/td>\n<\/tr>\n<tr>\n<td style=\"width: 83.3333px;\"><strong>U13M2<\/strong><\/td>\n<td style=\"width: 258.139px;\">d\u00e9partement 3\u00e8me Div (4\/6)<\/td>\n<td style=\"width: 158.667px;\">Nassim Mehiaoui<\/td>\n<td style=\"width: 180.083px;\">&nbsp;<\/td>\n<\/tr>\n<tr>\n<td style=\"width: 83.3333px;\"><strong>U13 M3<\/strong><\/td>\n<td style=\"width: 258.139px;\">d\u00e9partement 3\u00e8me div<\/td>\n<td style=\"width: 158.667px;\">\u00a0Idriss Sakho<\/td>\n<td style=\"width: 180.083px;\">&nbsp;<\/td>\n<\/tr>\n<tr>\n<td style=\"width: 83.3333px;\"><strong>U13 F1<\/strong><\/td>\n<td style=\"width: 258.139px;\">r\u00e9gion Div 1 (6\u00e8me\/6)<\/td>\n<td style=\"width: 158.667px;\">Mathis Bonnet<\/td>\n<td style=\"width: 180.083px;\">maintien en r\u00e9gion div 2<\/td>\n<\/tr>\n<tr>\n<td style=\"width: 83.3333px;\"><strong>U13 F2<\/strong><\/td>\n<td style=\"width: 258.139px;\">d\u00e9partement 1\u00e8re Div (4\u00e8me\/6)<\/td>\n<td style=\"width: 158.667px;\">Thomas Breggion<\/td>\n<td style=\"width: 180.083px;\">&nbsp;<\/td>\n<\/tr>\n<tr>\n<td style=\"width: 83.3333px;\"><span style=\"color: #ff0000;\"><strong>U11 M1<\/strong><\/span><\/td>\n<td style=\"width: 258.139px;\"><span style=\"color: #ff0000;\"><strong>d\u00e9partement 1\u00e8re Div (2\u00e8me\/6)<\/strong><\/span><\/td>\n<td style=\"width: 158.667px;\"><span style=\"color: #ff0000;\"><strong>Matthieu Barnoud<\/strong><\/span><\/td>\n<td style=\"width: 180.083px;\"><span style=\"color: #ff0000;\"><strong>\u00c9quipe vice-championne<\/strong><\/span><\/td>\n<\/tr>\n<tr>\n<td style=\"width: 83.3333px;\"><strong>U11 M2<\/strong><\/td>\n<td style=\"width: 258.139px;\">d\u00e9partement (3\u00e8me \/6)<\/td>\n<td style=\"width: 158.667px;\">Maxence Pourchet<\/td>\n<td style=\"width: 180.083px;\">&nbsp;<\/td>\n<\/tr>\n<tr>\n<td style=\"width: 83.3333px;\"><strong>U11 F<\/strong><\/td>\n<td style=\"width: 258.139px;\">d\u00e9partement 1\u00e8re Div (3\u00e8me\/6)<\/td>\n<td style=\"width: 158.667px;\">Thomas Breggion<\/td>\n<td style=\"width: 180.083px;\">&nbsp;<\/td>\n<\/tr>\n<tr>\n<td style=\"width: 83.3333px;\"><strong>U11 F2<\/strong><\/td>\n<td style=\"width: 258.139px;\">d\u00e9partement<\/td>\n<td style=\"width: 158.667px;\">Ali Chehbi<\/td>\n<td style=\"width: 180.083px;\">&nbsp;<\/td>\n<\/tr>\n<tr>\n<td style=\"width: 83.3333px;\"><strong>U9\u00a0\u00a0 M1<\/strong><\/td>\n<td style=\"width: 258.139px;\">&nbsp;<\/td>\n<td style=\"width: 158.667px;\">Lionel Leblanc<\/td>\n<td style=\"width: 180.083px;\">&nbsp;<\/td>\n<\/tr>\n<tr>\n<td style=\"width: 83.3333px;\"><strong>U9\u00a0\u00a0 2 mixte<\/strong><\/td>\n<td style=\"width: 258.139px;\">&nbsp;<\/td>\n<td style=\"width: 158.667px;\">Ricardo Nagera<\/td>\n<td style=\"width: 180.083px;\">&nbsp;<\/td>\n<\/tr>\n<tr>\n<td style=\"width: 83.3333px;\"><strong>\u00a0<\/strong><\/td>\n<td style=\"width: 258.139px;\">&nbsp;<\/td>\n<td style=\"width: 158.667px;\">Adela Necaskova<\/td>\n<td style=\"width: 180.083px;\">&nbsp;<\/td>\n<\/tr>\n<tr>\n<td style=\"width: 83.3333px;\"><strong>Anciens 1<\/strong><\/td>\n<td style=\"width: 258.139px;\">region div 1 (5\u00e8me \/16)<\/td>\n<td style=\"width: 158.667px;\">&nbsp;<\/td>\n<td style=\"width: 180.083px;\">&nbsp;<\/td>\n<\/tr>\n<tr>\n<td style=\"width: 83.3333px;\"><strong>Anciens 2<\/strong><\/td>\n<td style=\"width: 258.139px;\">region div 3 (21\/80)<\/td>\n<td style=\"width: 158.667px;\">&nbsp;<\/td>\n<td style=\"width: 180.083px;\">&nbsp;<\/td>\n<\/tr>\n<\/tbody>\n<\/table>\n<p>&nbsp;<\/p>\n<h1>Labels<\/h1>\n<ul>\n<li>Ecole de mini basket (renouvellement 2023)<\/li>\n<li>Label club formateur f\u00e9minin FFBB 3 \u00e9toiles (obtenu en 2024)<\/li>\n<\/ul>\n<p>&nbsp;<\/p>\n<h1>Mises \u00e0 l&rsquo;honneur<\/h1>\n<ul>\n<li>Equipe f\u00e9minine\u00a0: U15-1F + coach (du TQR \u00e0 l\u2019Elite)<\/li>\n<li>Equipe masculine\u00a0: U13-1M + coach (mont\u00e9e en R4)<\/li>\n<li>Coach f\u00e9minin\u00a0: Fatima (investissement et implication)<\/li>\n<li>Coach Masculin : Arthur<\/li>\n<li>Coach Mixte : Adela<\/li>\n<li>Espoir f\u00e9minin\u00a0: Inaya AHOUE<\/li>\n<li>Espoir masculin\u00a0: Rubens JACQUOT<\/li>\n<li>Sp\u00e9ciale : Sherine JALLOH pour son entr\u00e9e au p\u00f4le espoir<\/li>\n<\/ul>\n","protected":false},"excerpt":{"rendered":"<p>R\u00e9sultats sportifs EQUIPE niveau coach observations SM1 N3 (8\u00e8me\/14) Maachou Mekri Maintien en N3 SM2 region 2\u00e8me div (9\u00e8me\/12) Shahab Darvish descente en r\u00e9gion Div 3 SF1 Pr\u00e9 Nat (4\u00e8me\/14) Mehdi Laroui Mont\u00e9e en N3 \u00a0 &nbsp; Jeremy Rosa &nbsp; SF2 d\u00e9partement Div 1 (9\u00e8me\/10) Ghali Beghdadi &nbsp; U20 M1 region div 2 4\u00e8me\/6) Ibou [&hellip;]<\/p>\n","protected":false},"author":10,"featured_media":1596,"comment_status":"open","ping_status":"open","sticky":false,"template":"","format":"standard","meta":{"_seopress_robots_primary_cat":"none","_et_pb_use_builder":"","_et_pb_old_content":"","_et_gb_content_width":""},"categories":[1],"tags":[],"_links":{"self":[{"href":"https:\/\/www.vga-fr.org\/sections\/basket-ball\/wp-json\/wp\/v2\/posts\/1592"}],"collection":[{"href":"https:\/\/www.vga-fr.org\/sections\/basket-ball\/wp-json\/wp\/v2\/posts"}],"about":[{"href":"https:\/\/www.vga-fr.org\/sections\/basket-ball\/wp-json\/wp\/v2\/types\/post"}],"author":[{"embeddable":true,"href":"https:\/\/www.vga-fr.org\/sections\/basket-ball\/wp-json\/wp\/v2\/users\/10"}],"replies":[{"embeddable":true,"href":"https:\/\/www.vga-fr.org\/sections\/basket-ball\/wp-json\/wp\/v2\/comments?post=1592"}],"version-history":[{"count":3,"href":"https:\/\/www.vga-fr.org\/sections\/basket-ball\/wp-json\/wp\/v2\/posts\/1592\/revisions"}],"predecessor-version":[{"id":1597,"href":"https:\/\/www.vga-fr.org\/sections\/basket-ball\/wp-json\/wp\/v2\/posts\/1592\/revisions\/1597"}],"wp:featuredmedia":[{"embeddable":true,"href":"https:\/\/www.vga-fr.org\/sections\/basket-ball\/wp-json\/wp\/v2\/media\/1596"}],"wp:attachment":[{"href":"https:\/\/www.vga-fr.org\/sections\/basket-ball\/wp-json\/wp\/v2\/media?parent=1592"}],"wp:term":[{"taxonomy":"category","embeddable":true,"href":"https:\/\/www.vga-fr.org\/sections\/basket-ball\/wp-json\/wp\/v2\/categories?post=1592"},{"taxonomy":"post_tag","embeddable":true,"href":"https:\/\/www.vga-fr.org\/sections\/basket-ball\/wp-json\/wp\/v2\/tags?post=1592"}],"curies":[{"name":"wp","href":"https:\/\/api.w.org\/{rel}","templated":true}]}}