{"id":1959,"date":"2025-09-24T10:31:00","date_gmt":"2025-09-24T08:31:00","guid":{"rendered":"https:\/\/www.vga-fr.org\/sections\/badminton\/?p=1959"},"modified":"2025-09-24T10:46:45","modified_gmt":"2025-09-24T08:46:45","slug":"badminton-mady-sow-un-jeune-prodige-arrive-a-la-vga","status":"publish","type":"post","link":"https:\/\/www.vga-fr.org\/sections\/badminton\/2025\/09\/24\/badminton-mady-sow-un-jeune-prodige-arrive-a-la-vga\/","title":{"rendered":"[BADMINTON] Mady Sow, un jeune prodige arrive \u00e0 la VGA !"},"content":{"rendered":"<p data-start=\"102\" data-end=\"520\"><strong>Auteur de tr\u00e8s belles performances en ce d\u00e9but de saison, Mady Sow, 15 ans et r\u00e9cemment arriv\u00e9 du club d\u2019Aulnay, se distingue d\u00e9j\u00e0 par une \u00e9tonnante maturit\u00e9, sur comme en dehors du terrain. Fra\u00eechement s\u00e9lectionn\u00e9 pour participer aux Championnats du Monde U19 avec l\u2019\u00e9quipe de France (1), il a accept\u00e9 de se confier \u00e0 nous afin d\u2019\u00e9voquer sa passion pour le badminton ainsi que ses ambitions \u00e0 court et \u00e0 long terme.<\/strong><\/p>\n<p data-start=\"522\" data-end=\"874\"><strong>Peux-tu te pr\u00e9senter en quelques mots pour celles et ceux qui ne te connaissent pas encore ?<\/strong><br data-start=\"614\" data-end=\"617\" \/>Moi c&rsquo;est Mady Sow, j&rsquo;ai 15 ans. Je fais du badminton depuis que j&rsquo;ai 5 ans. \u00c7a va \u00eatre ma premi\u00e8re ann\u00e9e au club de Saint-Maur. Et actuellement, je suis au Creps de Bordeaux pour faire du simple, la discipline que je pratique tous les jours au badminton.<\/p>\n<p data-start=\"876\" data-end=\"1426\"><strong>Comment as-tu d\u00e9couvert ce sport ?<\/strong><br data-start=\"910\" data-end=\"913\" \/>J&rsquo;ai d\u00e9couvert ce sport gr\u00e2ce \u00e0 mes parents qui avaient achet\u00e9 le kit pour jouer pendant les vacances. \u00c0 la base, ils l&rsquo;avaient achet\u00e9 que pour eux, pour s&rsquo;amuser. Et je crois que j&rsquo;ai jou\u00e9 et perdu contre mon grand fr\u00e8re. Je pense que le fait d&rsquo;avoir perdu, \u00e7a m&rsquo;a pouss\u00e9 \u00e0 rejouer, parce que je n&rsquo;acceptais pas la d\u00e9faite. Et \u00e0 force de jouer, je commen\u00e7ais de plus en plus \u00e0 adorer \u00e7a. Donc ils ont d\u00e9cid\u00e9 de m&rsquo;inscrire dans le club de ma ville natale \u00e0 Gagny. J&rsquo;ai donc commenc\u00e9 comme \u00e7a.<\/p>\n<p data-start=\"1428\" data-end=\"1999\"><strong>Quel serait ton plus beau souvenir li\u00e9 au badminton ?<\/strong><br data-start=\"1481\" data-end=\"1484\" \/>Je pense que \u00e7a a \u00e9t\u00e9 quand je suis parti en Tha\u00eflande en d\u00e9cembre de l&rsquo;ann\u00e9e derni\u00e8re avec le collectif de l&rsquo;\u00e9quipe de France. D\u00e9j\u00e0 partir en Tha\u00eflande, ce n&rsquo;est pas tous les jours qu&rsquo;on fait \u00e7a, la destination est incroyable. Et en plus, j&rsquo;ai r\u00e9ussi \u00e0 aller gagner le tournoi en simple et terminer second en double. Je crois d&rsquo;ailleurs que je suis le seul, le plus jeune \u00e0 avoir gagn\u00e9 un tournoi en Asie en U15. Et donc, oui, franchement, c&rsquo;\u00e9tait une exp\u00e9rience incroyable. On a pu s\u2019entra\u00eener l\u00e0-bas, donc c\u2019\u00e9tait merveilleux.<\/p>\n<p><img loading=\"lazy\" class=\"alignnone size-full wp-image-1961\" src=\"https:\/\/www.vga-fr.org\/sections\/badminton\/wp-content\/uploads\/sites\/34\/2025\/09\/BAD5.jpeg\" alt=\"\" width=\"1170\" height=\"780\" srcset=\"https:\/\/www.vga-fr.org\/sections\/badminton\/wp-content\/uploads\/sites\/34\/2025\/09\/BAD5.jpeg 1170w, https:\/\/www.vga-fr.org\/sections\/badminton\/wp-content\/uploads\/sites\/34\/2025\/09\/BAD5-980x653.jpeg 980w, https:\/\/www.vga-fr.org\/sections\/badminton\/wp-content\/uploads\/sites\/34\/2025\/09\/BAD5-480x320.jpeg 480w\" sizes=\"(min-width: 0px) and (max-width: 480px) 480px, (min-width: 481px) and (max-width: 980px) 980px, (min-width: 981px) 1170px, 100vw\" \/><\/p>\n<p data-start=\"133\" data-end=\"753\"><strong>Si tu devais me citer une idole que tu as dans le monde du badminton, laquelle me citerais-tu ?<\/strong><br data-start=\"228\" data-end=\"231\" \/>Je pense que sans contestation, je dirais Victor Axelsen qui est pour moi en tout cas un exemple dans le badminton, que ce soit sa fa\u00e7on de jouer ou m\u00eame ce qu\u2019il fait en dehors. Franchement, je le trouve vraiment impressionnant. Et aussi parce que je me vois \u00e0 travers lui. Donc, on va dire que son style de jeu m&rsquo;inspire parce qu&rsquo;il a r\u00e9ussi quand m\u00eame \u00e0 prendre deux m\u00e9dailles d&rsquo;or olympiques (2), alors qu&rsquo;il fait 1,94 m. Du coup, vu que je fais \u00e0 peu pr\u00e8s la m\u00eame taille, j&rsquo;essaie un peu de prendre exemple sur lui.<\/p>\n<p data-start=\"755\" data-end=\"1086\"><strong data-start=\"755\" data-end=\"814\">Concernant ton style de jeu, comment le d\u00e9finirais-tu ?<\/strong><br data-start=\"814\" data-end=\"817\" \/>Je dirais plut\u00f4t agressif. En tout cas, c&rsquo;est le jeu que j&rsquo;essaie de produire en ce moment. Plut\u00f4t agressif, mais \u00e9galement assez patient, qui ne va pas trop se pr\u00e9cipiter, qui attend le bon moment pour contrer et contre-attaquer. Je pense que c&rsquo;est mon style de jeu.<\/p>\n<p data-start=\"1088\" data-end=\"2141\"><strong data-start=\"1088\" data-end=\"1168\">Qu&rsquo;est-ce qui t&rsquo;a donn\u00e9 envie de rejoindre notre club de la VGA Saint-Maur ?<\/strong><br data-start=\"1168\" data-end=\"1171\" \/>D\u00e9j\u00e0, c&rsquo;est que mon club d&rsquo;Aulnay-sous-Bois ne me permettait plus forc\u00e9ment de suivre mon projet sportif. Donc j&rsquo;avais besoin de chercher un club qui soit plus haut class\u00e9. Donc, Saint-Maur, c\u2019est d\u00e9j\u00e0 un club que je c\u00f4toyais souvent l&rsquo;ann\u00e9e derni\u00e8re, notamment le coach Vincent Nicli et les joueurs comme Orph\u00e9e et Marjol\u00e8ne (3). Ce sont des amis \u00e0 moi que je vois souvent dans les tournois, donc je connais d\u00e9j\u00e0 assez bien le club. J\u2019allais \u00e9galement m&rsquo;entra\u00eener l\u00e0-bas de temps en temps et donc je sais tr\u00e8s bien que le club est un tr\u00e8s bon club. De plus, le fait que leur \u00e9quipe soit en N2 et en Top 12, cela montre que c&rsquo;est un club comp\u00e9tent et tr\u00e8s fort. Donc forc\u00e9ment, je me suis dit que s\u2019il fallait changer de club, il fallait aller dans un club o\u00f9 j&rsquo;\u00e9tais s\u00fbr que j\u2019allais bien \u00eatre accueilli, dans un club qui peut m&rsquo;apporter ce dont j&rsquo;ai besoin. Et donc, c\u2019est l\u00e0 que Vincent est venu vers moi et m&rsquo;a fait cette proposition que j&rsquo;ai accept\u00e9e, \u00e9videmment.<\/p>\n<p data-start=\"2143\" data-end=\"2774\"><strong data-start=\"2143\" data-end=\"2213\">Qu&rsquo;est-ce que tu attends de cette nouvelle aventure avec le club ?<\/strong><br data-start=\"2213\" data-end=\"2216\" \/>J&rsquo;esp\u00e8re \u00eatre suivi tout au long de l&rsquo;ann\u00e9e, que tout se passe bien avec le club. Moi, personnellement, de mon c\u00f4t\u00e9, j&rsquo;aimerais bien essayer de gagner tous les matchs que je vais jouer pour l&rsquo;\u00e9quipe. Parce que c&rsquo;est toujours mieux, lorsque l&rsquo;on est nouveau, de faire de bonnes performances. Franchement, j\u2019ai vraiment h\u00e2te et j\u2019esp\u00e8re qu\u2019il y aura une bonne entente avec le club. Mes parents et moi attendons aussi une vraie coh\u00e9sion. Et ensuite, qu&rsquo;ils m&rsquo;aident pour mon projet sportif, en tout cas tout au long de l&rsquo;ann\u00e9e et m\u00eame pour les ann\u00e9es futures.<\/p>\n<p data-start=\"2776\" data-end=\"3510\"><strong data-start=\"2776\" data-end=\"2882\">Et maintenant, pour parler un peu plus de tes objectifs, quels sont-ils \u00e0 court terme (cette saison) ?<\/strong><br data-start=\"2882\" data-end=\"2885\" \/>\u00c0 court terme, c&rsquo;est parfait qu&rsquo;on en parle parce que, dans deux semaines, il y a les Championnats du Monde U19. C&rsquo;est pour \u00e7a qu&rsquo;il y a deux semaines de pr\u00e9paration pour \u00eatre pr\u00eat. L&rsquo;objectif d\u00e9j\u00e0, l\u00e0-bas, \u00e7a va \u00eatre de faire le mieux possible, parce que c&rsquo;est assez dur d&rsquo;aller chercher une m\u00e9daille, mais on va tout faire pour. Et ensuite, il y a les Championnats d&rsquo;Europe qui se d\u00e9rouleront en d\u00e9cembre, les Championnats d&rsquo;Europe U17 cette fois-ci. Et l\u00e0, l&rsquo;objectif, \u00e7a va vraiment \u00eatre d&rsquo;aller chercher \u00e0 gagner le titre dans les tableaux que je vais jouer (simple et double). L\u2019objectif l\u00e0-bas, \u00e7a va \u00eatre de gagner.<\/p>\n<p data-start=\"3512\" data-end=\"3970\"><strong data-start=\"3512\" data-end=\"3582\">Et maintenant \u00e0 plus long terme, o\u00f9 te vois-tu dans 10 ou 15 ans ?<\/strong><br data-start=\"3582\" data-end=\"3585\" \/>O\u00f9 je serai dans 10 ans, je ne sais pas, dans le sens o\u00f9 une blessure peut vite arriver. Donc 10 ans, je ne sais pas. Mais en tout cas, o\u00f9 j&rsquo;aimerais \u00eatre, ce serait dans le top niveau mondial et participer aux Jeux Olympiques, parce que c&rsquo;est l&rsquo;ambition de tout joueur de haut niveau. Et si je suis l\u00e0-bas, pourquoi pas aller chercher une m\u00e9daille, voire un titre. C&rsquo;est l&rsquo;objectif.<\/p>\n<p data-start=\"3972\" data-end=\"4342\"><em>(1) Les Championnats du Monde U19 ont lieu cette ann\u00e9e du 6 au 19 octobre 2025 \u00e0 Guwahati, en Inde. Deux joueurs de notre section seront \u00e9galement de la partie : Orph\u00e9e Queton-Bouissou et Agathe Cuevas.<\/em><br data-start=\"4174\" data-end=\"4177\" \/><em>(2) Double m\u00e9daill\u00e9 d\u2019or olympique en simple \u00e0 Tokyo 2021 et Paris 2024.<\/em><br data-start=\"4249\" data-end=\"4252\" \/><em>(3) Orph\u00e9e Queton-Bouissou et Marjol\u00e8ne Raffin sont \u00e9galement licenci\u00e9s dans notre club.<\/em><\/p>\n","protected":false},"excerpt":{"rendered":"<p>Auteur de tr\u00e8s belles performances en ce d\u00e9but de saison, Mady Sow, 15 ans et r\u00e9cemment arriv\u00e9 du club d\u2019Aulnay, se distingue d\u00e9j\u00e0 par une \u00e9tonnante maturit\u00e9, sur comme en dehors du terrain. Fra\u00eechement s\u00e9lectionn\u00e9 pour participer aux Championnats du Monde U19 avec l\u2019\u00e9quipe de France (1), il a accept\u00e9 de se confier \u00e0 nous [&hellip;]<\/p>\n","protected":false},"author":16,"featured_media":1962,"comment_status":"open","ping_status":"open","sticky":false,"template":"","format":"standard","meta":{"_seopress_robots_primary_cat":"none","_et_pb_use_builder":"","_et_pb_old_content":"","_et_gb_content_width":""},"categories":[1],"tags":[10,11,12,13,14,15,16,17,18,19,20,21,22,23,24,25],"_links":{"self":[{"href":"https:\/\/www.vga-fr.org\/sections\/badminton\/wp-json\/wp\/v2\/posts\/1959"}],"collection":[{"href":"https:\/\/www.vga-fr.org\/sections\/badminton\/wp-json\/wp\/v2\/posts"}],"about":[{"href":"https:\/\/www.vga-fr.org\/sections\/badminton\/wp-json\/wp\/v2\/types\/post"}],"author":[{"embeddable":true,"href":"https:\/\/www.vga-fr.org\/sections\/badminton\/wp-json\/wp\/v2\/users\/16"}],"replies":[{"embeddable":true,"href":"https:\/\/www.vga-fr.org\/sections\/badminton\/wp-json\/wp\/v2\/comments?post=1959"}],"version-history":[{"count":6,"href":"https:\/\/www.vga-fr.org\/sections\/badminton\/wp-json\/wp\/v2\/posts\/1959\/revisions"}],"predecessor-version":[{"id":1971,"href":"https:\/\/www.vga-fr.org\/sections\/badminton\/wp-json\/wp\/v2\/posts\/1959\/revisions\/1971"}],"wp:featuredmedia":[{"embeddable":true,"href":"https:\/\/www.vga-fr.org\/sections\/badminton\/wp-json\/wp\/v2\/media\/1962"}],"wp:attachment":[{"href":"https:\/\/www.vga-fr.org\/sections\/badminton\/wp-json\/wp\/v2\/media?parent=1959"}],"wp:term":[{"taxonomy":"category","embeddable":true,"href":"https:\/\/www.vga-fr.org\/sections\/badminton\/wp-json\/wp\/v2\/categories?post=1959"},{"taxonomy":"post_tag","embeddable":true,"href":"https:\/\/www.vga-fr.org\/sections\/badminton\/wp-json\/wp\/v2\/tags?post=1959"}],"curies":[{"name":"wp","href":"https:\/\/api.w.org\/{rel}","templated":true}]}}