{"id":1831,"date":"2026-03-12T11:14:01","date_gmt":"2026-03-12T10:14:01","guid":{"rendered":"https:\/\/www.vga-fr.org\/sections\/athletisme-marche-nordique\/?p=1831"},"modified":"2026-03-12T11:36:45","modified_gmt":"2026-03-12T10:36:45","slug":"athletisme-les-soirees-de-saint-maur-2026-la-piste-sillumine-a-nouveau","status":"publish","type":"post","link":"https:\/\/www.vga-fr.org\/sections\/athletisme-marche-nordique\/2026\/03\/12\/athletisme-les-soirees-de-saint-maur-2026-la-piste-sillumine-a-nouveau\/","title":{"rendered":"[ATHL\u00c9TISME] Les Soir\u00e9es de Saint-Maur 2026 : la piste s\u2019illumine \u00e0 nouveau !"},"content":{"rendered":"<p data-start=\"247\" data-end=\"478\">La section <strong data-start=\"258\" data-end=\"276\">VGA Athl\u00e9tisme<\/strong> donne rendez-vous aux athl\u00e8tes et aux passionn\u00e9s d\u2019athl\u00e9tisme pour une nouvelle \u00e9dition des <strong data-start=\"369\" data-end=\"394\">Soir\u00e9es de Saint-Maur<\/strong>, un rendez-vous d\u00e9sormais incontournable du demi-fond et de l\u2019athl\u00e9tisme sur piste.<\/p>\n<p data-start=\"480\" data-end=\"686\">Du <strong data-start=\"483\" data-end=\"512\">13 mai au 15 juillet 2026<\/strong>, le <strong data-start=\"517\" data-end=\"541\">stade Adolphe Ch\u00e9ron<\/strong> vibrera chaque mercredi soir au rythme des courses et concours, dans une ambiance sportive et conviviale qui fait la r\u00e9putation de ces meetings.<\/p>\n<p data-start=\"688\" data-end=\"830\">Cette nouvelle saison s\u2019annonce <strong data-start=\"720\" data-end=\"736\">passionnante<\/strong>, avec un programme riche et quelques <strong data-start=\"774\" data-end=\"829\">nouveaut\u00e9s qui seront d\u00e9voil\u00e9es au fil des semaines<\/strong>.<\/p>\n<hr data-start=\"832\" data-end=\"835\" \/>\n<h2 data-section-id=\"1gf1v7v\" data-start=\"837\" data-end=\"859\">Les dates \u00e0 retenir<\/h2>\n<p data-start=\"861\" data-end=\"927\">Plusieurs soir\u00e9es marqueront particuli\u00e8rement cette \u00e9dition 2026 :<\/p>\n<ul data-start=\"929\" data-end=\"1204\">\n<li data-section-id=\"9tnlgo\" data-start=\"929\" data-end=\"969\">\n<p data-start=\"931\" data-end=\"969\"><strong data-start=\"931\" data-end=\"967\">13 mai 2026 : Soir\u00e9e d\u2019ouverture<\/strong><\/p>\n<\/li>\n<li data-section-id=\"1rkj5k2\" data-start=\"970\" data-end=\"1037\">\n<p data-start=\"972\" data-end=\"1037\"><strong data-start=\"972\" data-end=\"1035\">27 mai 2026 : Championnats d\u00e9partementaux de demi-fond long<\/strong><\/p>\n<\/li>\n<li data-section-id=\"lig2al\" data-start=\"1038\" data-end=\"1080\">\n<p data-start=\"1040\" data-end=\"1080\"><strong data-start=\"1040\" data-end=\"1078\">17 juin 2026 : Meeting Michel Jazy<\/strong><\/p>\n<\/li>\n<li data-section-id=\"3p68l1\" data-start=\"1081\" data-end=\"1134\">\n<p data-start=\"1083\" data-end=\"1134\"><strong data-start=\"1083\" data-end=\"1132\">24 juin 2026 : Championnats LIFA de demi-fond<\/strong><\/p>\n<\/li>\n<li data-section-id=\"1n73k74\" data-start=\"1135\" data-end=\"1204\">\n<p data-start=\"1137\" data-end=\"1204\"><strong data-start=\"1137\" data-end=\"1204\">15 juillet 2026 : Finale du Challenge des Soir\u00e9es de Saint-Maur<\/strong><\/p>\n<\/li>\n<\/ul>\n<p data-start=\"1206\" data-end=\"1335\">Au total, <strong data-start=\"1216\" data-end=\"1245\">10 soir\u00e9es de comp\u00e9tition<\/strong> sont programm\u00e9es avec diff\u00e9rentes \u00e9preuves : demi-fond, steeple, marche, sauts et relais.<\/p>\n<hr data-start=\"1337\" data-end=\"1340\" \/>\n<h2 data-section-id=\"1ui0psp\" data-start=\"1342\" data-end=\"1390\">Un rendez-vous incontournable de l\u2019athl\u00e9tisme<\/h2>\n<p data-start=\"1392\" data-end=\"1581\">Depuis plusieurs ann\u00e9es, les <strong data-start=\"1421\" data-end=\"1446\">Soir\u00e9es de Saint-Maur<\/strong> attirent des athl\u00e8tes venus de toute la r\u00e9gion et parfois de plus loin, \u00e0 la recherche de performances et d\u2019une organisation reconnue.<\/p>\n<p data-start=\"1583\" data-end=\"1769\">Le <strong data-start=\"1586\" data-end=\"1610\">stade Adolphe Ch\u00e9ron<\/strong> offre un cadre id\u00e9al pour ces soir\u00e9es d\u2019athl\u00e9tisme qui permettent aux sportifs de se mesurer dans des conditions optimales tout au long de la saison estivale.<\/p>\n<hr data-start=\"1771\" data-end=\"1774\" \/>\n<h2 data-section-id=\"6srto6\" data-start=\"1776\" data-end=\"1801\">Informations pratiques<\/h2>\n<p data-start=\"1803\" data-end=\"1891\">\ud83d\udccd <strong data-start=\"1806\" data-end=\"1814\">Lieu<\/strong> : Stade Adolphe Ch\u00e9ron<br data-start=\"1837\" data-end=\"1840\" \/>2 avenue de Neptune \u2013 94100 Saint-Maur-des-Foss\u00e9s<\/p>\n<p data-start=\"1893\" data-end=\"1936\">\ud83d\udcbb <strong data-start=\"1896\" data-end=\"1912\">Inscriptions<\/strong> : 7 \u20ac sur <strong data-start=\"1923\" data-end=\"1936\">Athlelive<\/strong><\/p>\n<p data-start=\"1938\" data-end=\"2043\">La <strong data-start=\"1941\" data-end=\"1978\">billetterie ouvrira prochainement<\/strong>. Restez connect\u00e9s pour ne rien manquer des prochaines annonces !<\/p>\n<hr data-start=\"2045\" data-end=\"2048\" \/>\n<p data-start=\"2050\" data-end=\"2177\">\ud83c\udfc3\u200d\u2642\ufe0f <strong data-start=\"2056\" data-end=\"2177\">La VGA Athl\u00e9tisme vous donne rendez-vous sur la piste pour une nouvelle saison pleine de performances et de passion !<\/strong><\/p>\n<p data-start=\"2050\" data-end=\"2177\"><img loading=\"lazy\" class=\"alignnone wp-image-1835 size-large\" src=\"https:\/\/www.vga-fr.org\/sections\/athletisme-marche-nordique\/wp-content\/uploads\/sites\/33\/2026\/03\/646478341_931420269264575_6836806317915766548_n-724x1024.jpg\" alt=\"\" width=\"724\" height=\"1024\" \/><\/p>\n<p data-start=\"2050\" data-end=\"2177\"><img loading=\"lazy\" class=\"alignnone size-medium wp-image-1848\" src=\"https:\/\/www.vga-fr.org\/sections\/athletisme-marche-nordique\/wp-content\/uploads\/sites\/33\/2026\/03\/650071088_18096120884051062_5012887183068609733_n-225x300.jpg\" alt=\"\" width=\"225\" height=\"300\" \/> <img loading=\"lazy\" class=\"alignnone size-medium wp-image-1847\" src=\"https:\/\/www.vga-fr.org\/sections\/athletisme-marche-nordique\/wp-content\/uploads\/sites\/33\/2026\/03\/650120653_18096120947051062_1467805303252754969_n-225x300.jpg\" alt=\"\" width=\"225\" height=\"300\" \/> <img loading=\"lazy\" class=\"alignnone size-medium wp-image-1846\" src=\"https:\/\/www.vga-fr.org\/sections\/athletisme-marche-nordique\/wp-content\/uploads\/sites\/33\/2026\/03\/650045138_18096120932051062_8840309367938563787_n-225x300.jpg\" alt=\"\" width=\"225\" height=\"300\" \/> <img loading=\"lazy\" class=\"alignnone size-medium wp-image-1845\" src=\"https:\/\/www.vga-fr.org\/sections\/athletisme-marche-nordique\/wp-content\/uploads\/sites\/33\/2026\/03\/651172262_18096120956051062_163347628497364393_n-225x300.jpg\" alt=\"\" width=\"225\" height=\"300\" \/> <img loading=\"lazy\" class=\"alignnone size-medium wp-image-1844\" src=\"https:\/\/www.vga-fr.org\/sections\/athletisme-marche-nordique\/wp-content\/uploads\/sites\/33\/2026\/03\/651296951_18096120977051062_4061942569519275112_n-225x300.jpg\" alt=\"\" width=\"225\" height=\"300\" \/> <img loading=\"lazy\" class=\"alignnone size-medium wp-image-1843\" src=\"https:\/\/www.vga-fr.org\/sections\/athletisme-marche-nordique\/wp-content\/uploads\/sites\/33\/2026\/03\/650828441_18096120992051062_2824683535304783643_n-225x300.jpg\" alt=\"\" width=\"225\" height=\"300\" \/> <img loading=\"lazy\" class=\"alignnone size-medium wp-image-1842\" src=\"https:\/\/www.vga-fr.org\/sections\/athletisme-marche-nordique\/wp-content\/uploads\/sites\/33\/2026\/03\/650836246_18096121013051062_260597835321799365_n-225x300.jpg\" alt=\"\" width=\"225\" height=\"300\" \/> <img loading=\"lazy\" class=\"alignnone size-medium wp-image-1841\" src=\"https:\/\/www.vga-fr.org\/sections\/athletisme-marche-nordique\/wp-content\/uploads\/sites\/33\/2026\/03\/650094355_18096121031051062_5961274591210784031_n-225x300.jpg\" alt=\"\" width=\"225\" height=\"300\" \/> <img loading=\"lazy\" class=\"alignnone size-medium wp-image-1840\" src=\"https:\/\/www.vga-fr.org\/sections\/athletisme-marche-nordique\/wp-content\/uploads\/sites\/33\/2026\/03\/649975606_18096121049051062_6480493329179199438_n-225x300.jpg\" alt=\"\" width=\"225\" height=\"300\" \/> <img loading=\"lazy\" class=\"alignnone size-medium wp-image-1839\" src=\"https:\/\/www.vga-fr.org\/sections\/athletisme-marche-nordique\/wp-content\/uploads\/sites\/33\/2026\/03\/650888571_18096121064051062_7316225126259026995_n-225x300.jpg\" alt=\"\" width=\"225\" height=\"300\" \/> <img loading=\"lazy\" class=\"alignnone size-medium wp-image-1838\" src=\"https:\/\/www.vga-fr.org\/sections\/athletisme-marche-nordique\/wp-content\/uploads\/sites\/33\/2026\/03\/650835214_18096121073051062_5229933693218572431_n-225x300.jpg\" alt=\"\" width=\"225\" height=\"300\" \/><\/p>\n<p data-start=\"2050\" data-end=\"2177\">\n","protected":false},"excerpt":{"rendered":"<p>La section VGA Athl\u00e9tisme donne rendez-vous aux athl\u00e8tes et aux passionn\u00e9s d\u2019athl\u00e9tisme pour une nouvelle \u00e9dition des Soir\u00e9es de Saint-Maur, un rendez-vous d\u00e9sormais incontournable du demi-fond et de l\u2019athl\u00e9tisme sur piste. Du 13 mai au 15 juillet 2026, le stade Adolphe Ch\u00e9ron vibrera chaque mercredi soir au rythme des courses et concours, dans une ambiance [&hellip;]<\/p>\n","protected":false},"author":10,"featured_media":1834,"comment_status":"open","ping_status":"open","sticky":false,"template":"","format":"standard","meta":{"_seopress_robots_primary_cat":"none","_et_pb_use_builder":"","_et_pb_old_content":"","_et_gb_content_width":""},"categories":[1],"tags":[],"_links":{"self":[{"href":"https:\/\/www.vga-fr.org\/sections\/athletisme-marche-nordique\/wp-json\/wp\/v2\/posts\/1831"}],"collection":[{"href":"https:\/\/www.vga-fr.org\/sections\/athletisme-marche-nordique\/wp-json\/wp\/v2\/posts"}],"about":[{"href":"https:\/\/www.vga-fr.org\/sections\/athletisme-marche-nordique\/wp-json\/wp\/v2\/types\/post"}],"author":[{"embeddable":true,"href":"https:\/\/www.vga-fr.org\/sections\/athletisme-marche-nordique\/wp-json\/wp\/v2\/users\/10"}],"replies":[{"embeddable":true,"href":"https:\/\/www.vga-fr.org\/sections\/athletisme-marche-nordique\/wp-json\/wp\/v2\/comments?post=1831"}],"version-history":[{"count":3,"href":"https:\/\/www.vga-fr.org\/sections\/athletisme-marche-nordique\/wp-json\/wp\/v2\/posts\/1831\/revisions"}],"predecessor-version":[{"id":1850,"href":"https:\/\/www.vga-fr.org\/sections\/athletisme-marche-nordique\/wp-json\/wp\/v2\/posts\/1831\/revisions\/1850"}],"wp:featuredmedia":[{"embeddable":true,"href":"https:\/\/www.vga-fr.org\/sections\/athletisme-marche-nordique\/wp-json\/wp\/v2\/media\/1834"}],"wp:attachment":[{"href":"https:\/\/www.vga-fr.org\/sections\/athletisme-marche-nordique\/wp-json\/wp\/v2\/media?parent=1831"}],"wp:term":[{"taxonomy":"category","embeddable":true,"href":"https:\/\/www.vga-fr.org\/sections\/athletisme-marche-nordique\/wp-json\/wp\/v2\/categories?post=1831"},{"taxonomy":"post_tag","embeddable":true,"href":"https:\/\/www.vga-fr.org\/sections\/athletisme-marche-nordique\/wp-json\/wp\/v2\/tags?post=1831"}],"curies":[{"name":"wp","href":"https:\/\/api.w.org\/{rel}","templated":true}]}}