{"id":1823,"date":"2026-03-10T15:07:21","date_gmt":"2026-03-10T14:07:21","guid":{"rendered":"https:\/\/www.vga-fr.org\/sections\/athletisme-marche-nordique\/?p=1823"},"modified":"2026-03-10T15:07:21","modified_gmt":"2026-03-10T14:07:21","slug":"athletisme-la-vga-presente-aux-championnats-de-france-de-cross-et-au-semi-marathon-de-paris","status":"publish","type":"post","link":"https:\/\/www.vga-fr.org\/sections\/athletisme-marche-nordique\/2026\/03\/10\/athletisme-la-vga-presente-aux-championnats-de-france-de-cross-et-au-semi-marathon-de-paris\/","title":{"rendered":"[ATHL\u00c9TISME] La VGA pr\u00e9sente aux Championnats de France de cross et au Semi-Marathon de Paris"},"content":{"rendered":"<p data-start=\"156\" data-end=\"376\">Ce <strong data-start=\"159\" data-end=\"178\">dimanche 8 mars<\/strong>, les athl\u00e8tes de la <strong data-start=\"199\" data-end=\"242\">section athl\u00e9tisme de la VGA Saint-Maur<\/strong> \u00e9taient engag\u00e9s sur deux comp\u00e9titions importantes : les <strong data-start=\"299\" data-end=\"342\">Championnats de France de cross-country<\/strong> et le <strong data-start=\"349\" data-end=\"375\">Semi-Marathon de Paris<\/strong>.<\/p>\n<h2 data-section-id=\"u69eb5\" data-start=\"378\" data-end=\"423\">Ma\u00eblle aux Championnats de France de cross<\/h2>\n<p data-start=\"425\" data-end=\"542\">Ma\u00eblle SOULAIN participait aux <strong data-start=\"448\" data-end=\"512\">Championnats de France de cross-country \u00e0 Carhaix (Bretagne)<\/strong> dans la cat\u00e9gorie <strong data-start=\"531\" data-end=\"541\">junior<\/strong>.<\/p>\n<p data-start=\"544\" data-end=\"766\">Sur un parcours <strong data-start=\"560\" data-end=\"581\">sec mais exigeant<\/strong>, elle a pu se mesurer aux meilleures athl\u00e8tes fran\u00e7aises de la discipline. Cette participation constitue \u00e9galement <strong data-start=\"697\" data-end=\"765\">une bonne pr\u00e9paration en vue de la saison sur piste qui approche<\/strong>.<\/p>\n<p data-start=\"544\" data-end=\"766\">\ud83d\udc49 <strong data-start=\"1353\" data-end=\"1405\">Retrouvez tous les r\u00e9sultats de la comp\u00e9tition :<\/strong><br data-start=\"1405\" data-end=\"1408\" \/><a class=\"decorated-link\" href=\"https:\/\/www.athle.fr\/bases\/liste.aspx?frmbase=resultats&amp;frmmode=1&amp;frmespace=0&amp;frmcompetition=314860\" target=\"_new\" rel=\"noopener\" data-start=\"1408\" data-end=\"1507\">https:\/\/www.athle.fr\/bases\/liste.aspx?frmbase=resultats&amp;frmmode=1&amp;frmespace=0&amp;frmcompetition=314860<\/a><\/p>\n<h2 data-section-id=\"1hzmfm5\" data-start=\"768\" data-end=\"818\">Sept athl\u00e8tes engag\u00e9s au Semi-Marathon de Paris<\/h2>\n<p data-start=\"820\" data-end=\"1012\">Le m\u00eame jour, <strong data-start=\"834\" data-end=\"868\">sept autres athl\u00e8tes de la VGA<\/strong> prenaient le d\u00e9part du <strong data-start=\"892\" data-end=\"918\">Semi-Marathon de Paris<\/strong>, une \u00e9preuve tr\u00e8s populaire qui a rassembl\u00e9 pr\u00e8s de <strong data-start=\"971\" data-end=\"1011\">50 000 participantes et participants<\/strong>.<\/p>\n<p data-start=\"1014\" data-end=\"1132\">Parmi les performances du jour, on peut souligner <strong data-start=\"1064\" data-end=\"1131\">la belle course r\u00e9alis\u00e9e par Laurianne dans la cat\u00e9gorie senior<\/strong>.<\/p>\n<h2 data-section-id=\"1s5g9c0\" data-start=\"1134\" data-end=\"1175\">Prochaine \u00e9tape : le Marathon de Paris<\/h2>\n<p data-start=\"1177\" data-end=\"1348\">Plusieurs de ces athl\u00e8tes devraient \u00e9galement se retrouver <strong data-start=\"1236\" data-end=\"1296\">sur la ligne de d\u00e9part du Marathon de Paris dans un mois<\/strong>, poursuivant ainsi leur saison de course sur route.<\/p>\n<p data-start=\"1350\" data-end=\"1507\">\ud83d\udc49 <strong data-start=\"1353\" data-end=\"1405\">Retrouvez tous les r\u00e9sultats de la comp\u00e9tition :<\/strong><br data-start=\"1405\" data-end=\"1408\" \/><a href=\"https:\/\/results-sportinnovation.fr\/event\/265\">https:\/\/results-sportinnovation.fr\/event\/265<\/a><\/p>\n<p data-start=\"1350\" data-end=\"1507\"><img loading=\"lazy\" class=\"alignnone size-medium wp-image-1829\" src=\"https:\/\/www.vga-fr.org\/sections\/athletisme-marche-nordique\/wp-content\/uploads\/sites\/33\/2026\/03\/WhatsApp-Image-2026-03-10-at-12.18.06-225x300.jpeg\" alt=\"\" width=\"225\" height=\"300\" \/> <img loading=\"lazy\" class=\"alignnone size-medium wp-image-1828\" src=\"https:\/\/www.vga-fr.org\/sections\/athletisme-marche-nordique\/wp-content\/uploads\/sites\/33\/2026\/03\/WhatsApp-Image-2026-03-10-at-12.18.05-225x300.jpeg\" alt=\"\" width=\"225\" height=\"300\" \/> <img loading=\"lazy\" class=\"alignnone size-medium wp-image-1827\" src=\"https:\/\/www.vga-fr.org\/sections\/athletisme-marche-nordique\/wp-content\/uploads\/sites\/33\/2026\/03\/WhatsApp-Image-2026-03-10-at-12.19.02-169x300.jpeg\" alt=\"\" width=\"169\" height=\"300\" \/> <img loading=\"lazy\" class=\"alignnone size-medium wp-image-1826\" src=\"https:\/\/www.vga-fr.org\/sections\/athletisme-marche-nordique\/wp-content\/uploads\/sites\/33\/2026\/03\/WhatsApp-Image-2026-03-10-at-12.19.02-1-225x300.jpeg\" alt=\"\" width=\"225\" height=\"300\" \/> <img loading=\"lazy\" class=\"alignnone size-medium wp-image-1825\" src=\"https:\/\/www.vga-fr.org\/sections\/athletisme-marche-nordique\/wp-content\/uploads\/sites\/33\/2026\/03\/WhatsApp-Image-2026-03-10-at-12.19.01-300x169.jpeg\" alt=\"\" width=\"300\" height=\"169\" \/><\/p>\n<p><iframe loading=\"lazy\" title=\"YouTube video player\" src=\"https:\/\/www.youtube.com\/embed\/3CQHdwMntDo?si=8UeAvCZ74pOVORwY\" width=\"560\" height=\"315\" frameborder=\"0\" allowfullscreen=\"allowfullscreen\"><\/iframe><br \/>\n<iframe loading=\"lazy\" title=\"YouTube video player\" src=\"https:\/\/www.youtube.com\/embed\/CYnu5iFUfH4?si=Ynh21vB_5-bDCB-7\" width=\"560\" height=\"315\" frameborder=\"0\" allowfullscreen=\"allowfullscreen\"><\/iframe><\/p>\n","protected":false},"excerpt":{"rendered":"<p>Ce dimanche 8 mars, les athl\u00e8tes de la section athl\u00e9tisme de la VGA Saint-Maur \u00e9taient engag\u00e9s sur deux comp\u00e9titions importantes : les Championnats de France de cross-country et le Semi-Marathon de Paris. Ma\u00eblle aux Championnats de France de cross Ma\u00eblle SOULAIN participait aux Championnats de France de cross-country \u00e0 Carhaix (Bretagne) dans la cat\u00e9gorie junior. [&hellip;]<\/p>\n","protected":false},"author":10,"featured_media":1826,"comment_status":"open","ping_status":"open","sticky":false,"template":"","format":"standard","meta":{"_seopress_robots_primary_cat":"none","_et_pb_use_builder":"","_et_pb_old_content":"","_et_gb_content_width":""},"categories":[1],"tags":[],"_links":{"self":[{"href":"https:\/\/www.vga-fr.org\/sections\/athletisme-marche-nordique\/wp-json\/wp\/v2\/posts\/1823"}],"collection":[{"href":"https:\/\/www.vga-fr.org\/sections\/athletisme-marche-nordique\/wp-json\/wp\/v2\/posts"}],"about":[{"href":"https:\/\/www.vga-fr.org\/sections\/athletisme-marche-nordique\/wp-json\/wp\/v2\/types\/post"}],"author":[{"embeddable":true,"href":"https:\/\/www.vga-fr.org\/sections\/athletisme-marche-nordique\/wp-json\/wp\/v2\/users\/10"}],"replies":[{"embeddable":true,"href":"https:\/\/www.vga-fr.org\/sections\/athletisme-marche-nordique\/wp-json\/wp\/v2\/comments?post=1823"}],"version-history":[{"count":1,"href":"https:\/\/www.vga-fr.org\/sections\/athletisme-marche-nordique\/wp-json\/wp\/v2\/posts\/1823\/revisions"}],"predecessor-version":[{"id":1830,"href":"https:\/\/www.vga-fr.org\/sections\/athletisme-marche-nordique\/wp-json\/wp\/v2\/posts\/1823\/revisions\/1830"}],"wp:featuredmedia":[{"embeddable":true,"href":"https:\/\/www.vga-fr.org\/sections\/athletisme-marche-nordique\/wp-json\/wp\/v2\/media\/1826"}],"wp:attachment":[{"href":"https:\/\/www.vga-fr.org\/sections\/athletisme-marche-nordique\/wp-json\/wp\/v2\/media?parent=1823"}],"wp:term":[{"taxonomy":"category","embeddable":true,"href":"https:\/\/www.vga-fr.org\/sections\/athletisme-marche-nordique\/wp-json\/wp\/v2\/categories?post=1823"},{"taxonomy":"post_tag","embeddable":true,"href":"https:\/\/www.vga-fr.org\/sections\/athletisme-marche-nordique\/wp-json\/wp\/v2\/tags?post=1823"}],"curies":[{"name":"wp","href":"https:\/\/api.w.org\/{rel}","templated":true}]}}