{"id":1779,"date":"2025-07-17T16:48:48","date_gmt":"2025-07-17T14:48:48","guid":{"rendered":"https:\/\/www.vga-fr.org\/sections\/athletisme-marche-nordique\/?p=1779"},"modified":"2025-08-29T16:33:13","modified_gmt":"2025-08-29T14:33:13","slug":"athletisme-inscriptions-2025-2026-ouvertes","status":"publish","type":"post","link":"https:\/\/www.vga-fr.org\/sections\/athletisme-marche-nordique\/2025\/07\/17\/athletisme-inscriptions-2025-2026-ouvertes\/","title":{"rendered":"[ATHL\u00c9TISME] Inscriptions 2025\/2026 ouvertes"},"content":{"rendered":"<p>La VGA Athl\u00e9tisme est heureuse de vous annoncer que les inscriptions pour la saison 2025\/2026 sont ouvertes.<\/p>\n<ul>\n<li>Pour toute s\u00e9ance d&rsquo;essai (vous devez vous pr\u00e9inscrire sans effectuer de r\u00e8glement)<\/li>\n<li>Pour consulter les places disponibles<\/li>\n<li>Pour s&rsquo;inscrire et proc\u00e9der au r\u00e8glement<\/li>\n<\/ul>\n<p>Tout se fait uniquement en ligne sur ce lien\u00a0 <a href='http:\/\/vga-inscriptions.org\/vga_saintmaur\/?ASSOS=ATH' class='small-button smallblue' target=\"_blank\">INSCRIPTIONS EN LIGNE VGA ATHL\u00c9TISME<\/a><\/p>\n<p><strong>Date de reprise<\/strong><br \/>\n<strong>Pour tous<\/strong> \u00c0 partir du 1er septembre 2025<br \/>\n<strong>Pour les groupes comp\u00e9tition<\/strong> \u00e0 partir du lundi 18 ao\u00fbt 2025<\/p>\n<p><strong>Planning<\/strong><\/p>\n<p><em>Ecole d&rsquo;athl\u00e9tisme<\/em><br \/>\nEveils (2017-2018-2019) : mercredi de 16h30 \u00e0 18h00<br \/>\nPoussins (2015-2016) : mercredi et vendredi de 17h30 \u00e0 19h00<br \/>\nBenjamins &amp; Minimes (2011 \u00e0 2014) : mercredi et vendredi de 18h00 \u00e0 19h45 (entra\u00eenements du mercredi \u00e9court\u00e9s de 45&prime; \u00e0 partir de mi-mai pour cause d\u2019indisponibilit\u00e9 piste &#8211; possibilit\u00e9 d&rsquo;une 3\u00e8me s\u00e9ance pour certains minimes ax\u00e9s comp\u00e9tition)<\/p>\n<p><em>Groupe Comp\u00e9tition (Cadets \u00e0 Masters)<\/em><br \/>\nSprints, haies, sauts, \u00e9preuves combin\u00e9es : lundi, mardi, jeudi 18h00 \u00e0 20h00<br \/>\nDemi-fond, fond : mardi et jeudi de 18h30 \u00e0 20h30 et dimanche de 10h30 \u00e0 12h15<br \/>\nPerche : vendredi de 18h00 \u00e0 19h45<\/p>\n<p><em>Groupe Running<\/em><br \/>\nMardi et jeudi de 19h15 \u00e0 20h45<br \/>\nDimanche de 10h00 \u00e0 12h00<\/p>\n<p><em>Marche Nordique<\/em><br \/>\nMardi de 9h30 \u00e0 11h30 et de 19h00 \u00e0 20h30<br \/>\nJeudi de 19h00 \u00e0 20h30<br \/>\nDimanche de 9h30 \u00e0 11h30<\/p>\n<p><strong>Lieu de pratique<\/strong><br \/>\nStade Adolphe Ch\u00e9ron, 2 bis avenue de Neptune, 94100 Saint-Maur<\/p>\n<p><strong>Cotisation annuelle (pour les r\u00e9inscriptions)<\/strong><br \/>\nEVEIL N\u00e9(e)s en 2017\/2018\/2019 250 \u20ac<br \/>\nPOUSSIN n\u00e9(e)s en 2015 et 2016 295 \u20ac<br \/>\nBENJAMIN n\u00e9(e)s en 2013 et 2014 295 \u20ac<br \/>\nMINIME n\u00e9(e)s en 2011 et 2012 295 \u20ac<br \/>\nCOMPETITION DEMI FOND (2010 et avant) 295 \u20ac<br \/>\nCOMPETITION SPRINT-SAUTS-EPREUVES COMBINEES (2009 et avant) 295 \u20ac<br \/>\nRUNNING 315 \u20ac<br \/>\nRUNNING-FORME 315 \u20ac<br \/>\nMARCHE NORDIQUE 315 \u20ac<\/p>\n<p>ATHLE-GYM 85 \u20ac<\/p>\n<p><strong>Contact<\/strong><br \/>\nMail : <a href=\"mailto:athletisme@vga-fr.org\">athletisme@vga-fr.org<\/a><br \/>\nPas de t\u00e9l\u00e9phone &#8211; contact par email uniquement<\/p>\n<a href='https:\/\/vgaathle.wixsite.com\/saintmaurathle\/copie-de-inscriptions-tarifs-2018-2' class='small-button smallblue' target=\"_blank\">SITE INTERNET DE LA VGA ATHL\u00c9TISME<\/a>\n","protected":false},"excerpt":{"rendered":"<p>La VGA Athl\u00e9tisme est heureuse de vous annoncer que les inscriptions pour la saison 2025\/2026 sont ouvertes. Pour toute s\u00e9ance d&rsquo;essai (vous devez vous pr\u00e9inscrire sans effectuer de r\u00e8glement) Pour consulter les places disponibles Pour s&rsquo;inscrire et proc\u00e9der au r\u00e8glement Tout se fait uniquement en ligne sur ce lien\u00a0 Date de reprise Pour tous \u00c0 [&hellip;]<\/p>\n","protected":false},"author":10,"featured_media":1781,"comment_status":"open","ping_status":"open","sticky":false,"template":"","format":"standard","meta":{"_seopress_robots_primary_cat":"none","_et_pb_use_builder":"","_et_pb_old_content":"","_et_gb_content_width":""},"categories":[1],"tags":[],"_links":{"self":[{"href":"https:\/\/www.vga-fr.org\/sections\/athletisme-marche-nordique\/wp-json\/wp\/v2\/posts\/1779"}],"collection":[{"href":"https:\/\/www.vga-fr.org\/sections\/athletisme-marche-nordique\/wp-json\/wp\/v2\/posts"}],"about":[{"href":"https:\/\/www.vga-fr.org\/sections\/athletisme-marche-nordique\/wp-json\/wp\/v2\/types\/post"}],"author":[{"embeddable":true,"href":"https:\/\/www.vga-fr.org\/sections\/athletisme-marche-nordique\/wp-json\/wp\/v2\/users\/10"}],"replies":[{"embeddable":true,"href":"https:\/\/www.vga-fr.org\/sections\/athletisme-marche-nordique\/wp-json\/wp\/v2\/comments?post=1779"}],"version-history":[{"count":2,"href":"https:\/\/www.vga-fr.org\/sections\/athletisme-marche-nordique\/wp-json\/wp\/v2\/posts\/1779\/revisions"}],"predecessor-version":[{"id":1789,"href":"https:\/\/www.vga-fr.org\/sections\/athletisme-marche-nordique\/wp-json\/wp\/v2\/posts\/1779\/revisions\/1789"}],"wp:featuredmedia":[{"embeddable":true,"href":"https:\/\/www.vga-fr.org\/sections\/athletisme-marche-nordique\/wp-json\/wp\/v2\/media\/1781"}],"wp:attachment":[{"href":"https:\/\/www.vga-fr.org\/sections\/athletisme-marche-nordique\/wp-json\/wp\/v2\/media?parent=1779"}],"wp:term":[{"taxonomy":"category","embeddable":true,"href":"https:\/\/www.vga-fr.org\/sections\/athletisme-marche-nordique\/wp-json\/wp\/v2\/categories?post=1779"},{"taxonomy":"post_tag","embeddable":true,"href":"https:\/\/www.vga-fr.org\/sections\/athletisme-marche-nordique\/wp-json\/wp\/v2\/tags?post=1779"}],"curies":[{"name":"wp","href":"https:\/\/api.w.org\/{rel}","templated":true}]}}