{"id":1775,"date":"2025-07-10T11:34:32","date_gmt":"2025-07-10T09:34:32","guid":{"rendered":"https:\/\/www.vga-fr.org\/sections\/athletisme-marche-nordique\/?p=1775"},"modified":"2025-10-06T10:23:30","modified_gmt":"2025-10-06T08:23:30","slug":"athletisme-la-saint-maurienne-revient-le-dimanche-5-octobre-2025","status":"publish","type":"post","link":"https:\/\/www.vga-fr.org\/sections\/athletisme-marche-nordique\/2025\/07\/10\/athletisme-la-saint-maurienne-revient-le-dimanche-5-octobre-2025\/","title":{"rendered":"[ATHL\u00c9TISME] La Saint-Maurienne revient \u2013 le dimanche 5 octobre 2025"},"content":{"rendered":"<p data-start=\"199\" data-end=\"244\">M\u00e0j du 06\/10\/2025 : <a href='https:\/\/b2cb2606-ae16-4af5-a1c5-b58aa9899081.filesusr.com\/ugd\/db396c_322ec0b3957a49399f43393a7d18a707.pdf' class='small-button smallblue' target=\"_blank\">R\u00c9SULTATS 10 KM<\/a> <a href='https:\/\/b2cb2606-ae16-4af5-a1c5-b58aa9899081.filesusr.com\/ugd\/db396c_b2f29411839b49dea1673e049c4891fe.pdf' class='small-button smallblue' target=\"_blank\">R\u00c9SULTATS MARCHE NORDIQUE<\/a> <a href='https:\/\/youtu.be\/wv-46qT0S0Y?si=qsa_AzS9gL-1MXBg' class='small-button smallblue' target=\"_blank\">VID\u00c9O<\/a><\/p>\n<p data-start=\"199\" data-end=\"244\">\n<p data-start=\"199\" data-end=\"244\"><a href='https:\/\/docs.google.com\/forms\/d\/e\/1FAIpQLSczwOH0aR1YTLfCcB5Jbvxxqdl64CHJOTfeuuVJIBncG2YPAQ\/viewform' class='small-button smallblue' target=\"_blank\">DEVENIR B\u00c9N\u00c9VOLE<\/a> <a href='https:\/\/www.vga-fr.org\/sections\/athletisme-marche-nordique\/wp-content\/uploads\/sites\/33\/2025\/07\/Depliant-St-Maurienne-2025-Web-V1.pdf' class='small-button smallblue' target=\"_blank\">FLYER SAINT-MAURIENNE<\/a> <a href='https:\/\/www.protiming.fr\/Runnings\/detail\/7567-La-Saint-Maurienne' class='small-button smallblue' target=\"_blank\">LA SAINT-MAURIENNE SUR PRO TIMING<\/a><\/p>\n<p data-start=\"199\" data-end=\"244\">\ud83d\udcc6 Rendez-vous le <strong data-start=\"217\" data-end=\"244\">dimanche 5 octobre 2025<\/strong><\/p>\n<p data-start=\"246\" data-end=\"520\">Organis\u00e9e chaque ann\u00e9e par la <strong data-start=\"276\" data-end=\"294\">VGA Athl\u00e9tisme<\/strong>, la <strong data-start=\"299\" data-end=\"318\">Saint-Maurienne<\/strong> est une course embl\u00e9matique \u00e0 Saint-Maur-des-Foss\u00e9s, ouverte \u00e0 toutes et tous : coureurs, marcheurs, jeunes, familles\u2026 Une belle occasion de se d\u00e9passer dans une ambiance conviviale, en bord de Marne !<\/p>\n<h3 data-start=\"522\" data-end=\"541\">\ud83d\udd35 AU PROGRAMME<\/h3>\n<p data-start=\"707\" data-end=\"750\">\u2705 <strong data-start=\"709\" data-end=\"748\">Bike &amp; Run \u2013 7 km (non chronom\u00e9tr\u00e9) <a href='https:\/\/www.protiming.fr\/Runnings\/register\/7567-La-Saint-Maurienne\/19907-Bike-and-Run-7km' class='small-button smallblue' target=\"_blank\">INSCRIPTION BIKE AND RUN<\/a> \u00a0<\/strong><\/p>\n<blockquote data-start=\"751\" data-end=\"844\">\n<p data-start=\"753\" data-end=\"844\">Une course familiale sur 7 km \u00e0 allure libre. Les engagements se font par \u00e9quipe : 1 coureur et 1 cycliste, les r\u00f4les pouvant \u00eatre permut\u00e9s au cours de l\u2019\u00e9preuve. Le 1er participant doit \u00eatre n\u00e9 en 2010 ou avant. Le 2\u00e8me participant doit \u00eatre n\u00e9 en 2019 ou avant. <strong data-start=\"709\" data-end=\"748\">\u26a0\ufe0f POUR VOTRE S\u00c9CURIT\u00c9, LE PORT DU CASQUE SERA OBLIGATOIRE POUR LES 2 PARTICIPANTS DE CHAQUE BINOME.<\/strong><\/p>\n<\/blockquote>\n<p data-start=\"632\" data-end=\"662\">\u2705 <strong data-start=\"634\" data-end=\"660\">Marche nordique \u2013 7 km <a href='https:\/\/www.protiming.fr\/Runnings\/register\/7567-La-Saint-Maurienne\/19906-Marche-Nordique-7km' class='small-button smallblue' target=\"_blank\">INSCRIPTION MARCHE NORDIQUE<\/a> \u00a0<\/strong><\/p>\n<blockquote data-start=\"663\" data-end=\"705\">\n<p data-start=\"665\" data-end=\"705\">Une \u00e9preuve de marche acc\u00e9l\u00e9r\u00e9e sur 7 km. Les b\u00e2tons de marche nordique sont obligatoires.<\/p>\n<\/blockquote>\n<p data-start=\"543\" data-end=\"566\">\u2705 <strong data-start=\"545\" data-end=\"564\">10 km sur route <a href='https:\/\/www.protiming.fr\/Runnings\/register\/7567-La-Saint-Maurienne\/19905-10km' class='small-button smallblue' target=\"_blank\">INSCRIPTION 10 KM<\/a> \u00a0<\/strong><\/p>\n<blockquote data-start=\"567\" data-end=\"630\">\n<p data-start=\"569\" data-end=\"630\">Ouvert \u00e0 partir de la cat\u00e9gorie cadets (n\u00e9s en 2010 et avant).<\/p>\n<\/blockquote>\n<p data-start=\"846\" data-end=\"868\">\u2705 <strong data-start=\"848\" data-end=\"866\">Courses jeunes <a href='https:\/\/docs.google.com\/forms\/d\/e\/1FAIpQLSdlzLV81jjvZT2HWllOUmU3edy-K0oG1NWm2JzyMJziQtUlyw\/viewform?usp=dialog' class='small-button smallblue' target=\"_blank\">INSCRIPTION COURSES JEUNES<\/a> \u00a0<\/strong><\/p>\n<blockquote data-start=\"869\" data-end=\"965\">\n<p data-start=\"871\" data-end=\"965\">Une \u00e9preuve pour les jeunes \u00e0 l\u2019int\u00e9rieur du stade Ch\u00e9ron sur une distance de :<\/p>\n<ul>\n<li data-start=\"871\" data-end=\"965\">700 m pour les enfants n\u00e9s entre 2015 et 2019<\/li>\n<li data-start=\"871\" data-end=\"965\">1 400 m pour les enfants n\u00e9s entre 2011 et 2014.<\/li>\n<\/ul>\n<\/blockquote>\n<p data-start=\"632\" data-end=\"662\">\u2705 <strong data-start=\"634\" data-end=\"660\">Course pour tous \u2013 1400 m <a href='https:\/\/docs.google.com\/forms\/d\/e\/1FAIpQLSejPsgqmhnw7pDFu_9iUVI7dCJg3cmhum35ZZFRCfE5Jo12zg\/viewform' class='small-button smallblue' target=\"_blank\">INSCRIPTION COURSE POUR TOUS<\/a> \u00a0<\/strong><\/p>\n<blockquote data-start=\"663\" data-end=\"705\">\n<p data-start=\"665\" data-end=\"705\">Une \u00e9preuve ouverte \u00e0 tous, avec ou sans situation de handicap, \u00e0 l\u2019int\u00e9rieur du stade Ch\u00e9ron sur une distance de 1 400 m, en mode loisir et \u00e0 allure libre<\/p>\n<\/blockquote>\n<hr data-start=\"967\" data-end=\"970\" \/>\n<h3 data-start=\"972\" data-end=\"987\">\ud83d\udd58 HORAIRES<\/h3>\n<ul data-start=\"989\" data-end=\"1098\">\n<li data-start=\"989\" data-end=\"1010\">\n<p data-start=\"991\" data-end=\"1010\">9h00 : Bike &amp; Run<\/p>\n<\/li>\n<li data-start=\"1011\" data-end=\"1037\">\n<p data-start=\"1013\" data-end=\"1037\">9h15 : marche nordique<\/p>\n<\/li>\n<li data-start=\"1038\" data-end=\"1055\">\n<p data-start=\"1040\" data-end=\"1055\">10h00 : 10 km<\/p>\n<\/li>\n<li data-start=\"1056\" data-end=\"1098\">\n<p data-start=\"1058\" data-end=\"1098\">11h30 : courses jeunes (au stade Ch\u00e9ron)<\/p>\n<\/li>\n<li data-start=\"1056\" data-end=\"1098\">12h00 : course pour tous<\/li>\n<\/ul>\n<hr data-start=\"1100\" data-end=\"1103\" \/>\n<h3 data-start=\"1105\" data-end=\"1118\">\ud83d\udcb0 TARIFS<\/h3>\n<ul data-start=\"1120\" data-end=\"1242\">\n<li data-start=\"1120\" data-end=\"1140\">\n<p data-start=\"1122\" data-end=\"1140\"><strong data-start=\"1122\" data-end=\"1131\">10 km<\/strong> : 25 \u20ac<\/p>\n<\/li>\n<li data-start=\"1141\" data-end=\"1171\">\n<p data-start=\"1143\" data-end=\"1171\"><strong data-start=\"1143\" data-end=\"1162\">Marche nordique<\/strong> : 13 \u20ac<\/p>\n<\/li>\n<li data-start=\"1172\" data-end=\"1209\">\n<p data-start=\"1174\" data-end=\"1209\"><strong data-start=\"1174\" data-end=\"1201\">Bike &amp; Run (par \u00e9quipe)<\/strong> :8 \u20ac<\/p>\n<\/li>\n<li data-start=\"1210\" data-end=\"1242\">\n<p data-start=\"1212\" data-end=\"1242\"><strong data-start=\"1212\" data-end=\"1230\">Courses jeunes et course pour tous<\/strong> : gratuites<\/p>\n<\/li>\n<\/ul>\n<p data-start=\"1244\" data-end=\"1312\">\ud83d\udccc <em data-start=\"1247\" data-end=\"1312\">Pas d\u2019inscription sur place pour le 10 km et la marche nordique<\/em><\/p>\n<hr data-start=\"1314\" data-end=\"1317\" \/>\n<h3 data-start=\"1319\" data-end=\"1341\">\ud83d\udccd INFOS PRATIQUES BIKE AND RUN, MARCHE NORDIQUE ET 10 KM<\/h3>\n<ul data-start=\"1343\" data-end=\"1589\">\n<li data-start=\"1343\" data-end=\"1380\">\n<p data-start=\"1345\" data-end=\"1380\"><strong data-start=\"1345\" data-end=\"1355\">D\u00e9part<\/strong> : stade des Corneilles<\/p>\n<\/li>\n<li data-start=\"1381\" data-end=\"1411\">\n<p data-start=\"1383\" data-end=\"1411\"><strong data-start=\"1383\" data-end=\"1394\">Arriv\u00e9e<\/strong> : stade Ch\u00e9ron<\/p>\n<\/li>\n<li data-start=\"1412\" data-end=\"1476\">\n<p data-start=\"1414\" data-end=\"1476\"><strong data-start=\"1414\" data-end=\"1426\">Parcours<\/strong> agr\u00e9able et s\u00e9curis\u00e9 le long des bords de Marne<\/p>\n<\/li>\n<li data-start=\"1477\" data-end=\"1520\">\n<p data-start=\"1479\" data-end=\"1520\"><strong data-start=\"1479\" data-end=\"1491\">Consigne<\/strong> gratuite pour les affaires<\/p>\n<\/li>\n<li data-start=\"1521\" data-end=\"1555\">\n<p data-start=\"1523\" data-end=\"1555\"><strong data-start=\"1523\" data-end=\"1541\">Ravitaillement<\/strong> \u00e0 l\u2019arriv\u00e9e<\/p>\n<\/li>\n<li data-start=\"1556\" data-end=\"1589\">\n<p data-start=\"1558\" data-end=\"1589\"><strong data-start=\"1558\" data-end=\"1581\">Assistance m\u00e9dicale<\/strong> assur\u00e9e<\/p>\n<\/li>\n<\/ul>\n<p data-start=\"1591\" data-end=\"1717\">\ud83e\uddfe Certificat m\u00e9dical ou PPS obligatoire pour les non-licenci\u00e9s <a href='https:\/\/pps.athle.fr\/' class='small-button smallblue' target=\"_blank\">PPS FFA<\/a> \u00a0<br data-start=\"1654\" data-end=\"1657\" \/>\ud83d\udc68\u200d\ud83d\udc69\u200d\ud83d\udc67\u200d\ud83d\udc66 Autorisation parentale demand\u00e9e pour les mineurs<\/p>\n<h3 data-start=\"1591\" data-end=\"1717\">RETRAIT DES DOSSARDS<\/h3>\n<p data-start=\"1591\" data-end=\"1717\">La distribution des dossards pour les \u00e9preuves de bike &amp; run, de marche nordique et de course \u00e0 pied aura lieu le samedi 4 octobre 2025 de 10h \u00e0 16h au si\u00e8ge de la VGA Athl\u00e9tisme \u2013 8 Avenue du Nord.<br \/>\nUne pi\u00e8ce d\u2019identit\u00e9 sera demand\u00e9e.<br \/>\nLa remise des dossards pour la course des jeunes et de la course inclusive\u00a0aura lieu le dimanche 5 octobre \u00e0 10h15 au stade Ch\u00e9ron.<br \/>\nLes dossards devront \u00eatre visibles sur la poitrine des participants pendant la course.<\/p>\n<hr data-start=\"1889\" data-end=\"1892\" \/>\n<h3 data-start=\"1894\" data-end=\"1919\">\ud83d\udce3 UNE COURSE ENGAG\u00c9E<\/h3>\n<p data-start=\"1921\" data-end=\"2106\">Comme chaque ann\u00e9e, une <strong data-start=\"1945\" data-end=\"1967\">association locale<\/strong> sera mise \u00e0 l\u2019honneur et b\u00e9n\u00e9ficiera d\u2019une partie des b\u00e9n\u00e9fices. Cette association partenaire pour cette saison est : <a href='https:\/\/www.lesamisdecleophas.com\/' class='small-button smallblue' target=\"_blank\">LES AMIS DE CL\u00c9OPHAS<\/a><\/p>\n<hr data-start=\"2108\" data-end=\"2111\" \/>\n<h3 data-start=\"2113\" data-end=\"2129\">\ud83d\udd14 \u00c0 RETENIR<\/h3>\n<p data-start=\"2131\" data-end=\"2292\">\ud83d\uddd3 Dimanche 5 octobre 2025<br data-start=\"2157\" data-end=\"2160\" \/>\ud83d\udccd Saint-Maur-des-Foss\u00e9s<br data-start=\"2184\" data-end=\"2187\" \/>\ud83c\udfbd Pour tous les \u00e2ges et tous les niveaux<br data-start=\"2228\" data-end=\"2231\" \/>\ud83d\udcf2 Inscriptions en ligne uniquement pour les grandes \u00e9preuves<\/p>\n<hr data-start=\"2294\" data-end=\"2297\" \/>\n<p data-start=\"2299\" data-end=\"2478\">\ud83d\udc49 Notez la date dans votre agenda et parlez-en autour de vous !<br data-start=\"2363\" data-end=\"2366\" \/>\ud83d\udccc Plus d\u2019infos \u00e0 venir sur <a class=\"\" href=\"https:\/\/vgaathle.wixsite.com\/saintmaurathle\/lasaintmaurienne\" target=\"_new\" rel=\"noopener\" data-start=\"2394\" data-end=\"2478\">vgaathle.wixsite.com<\/a><\/p>\n","protected":false},"excerpt":{"rendered":"<p>M\u00e0j du 06\/10\/2025 : \ud83d\udcc6 Rendez-vous le dimanche 5 octobre 2025 Organis\u00e9e chaque ann\u00e9e par la VGA Athl\u00e9tisme, la Saint-Maurienne est une course embl\u00e9matique \u00e0 Saint-Maur-des-Foss\u00e9s, ouverte \u00e0 toutes et tous : coureurs, marcheurs, jeunes, familles\u2026 Une belle occasion de se d\u00e9passer dans une ambiance conviviale, en bord de Marne ! \ud83d\udd35 AU PROGRAMME \u2705 [&hellip;]<\/p>\n","protected":false},"author":10,"featured_media":1793,"comment_status":"open","ping_status":"open","sticky":false,"template":"","format":"standard","meta":{"_seopress_robots_primary_cat":"none","_et_pb_use_builder":"","_et_pb_old_content":"","_et_gb_content_width":""},"categories":[1],"tags":[],"_links":{"self":[{"href":"https:\/\/www.vga-fr.org\/sections\/athletisme-marche-nordique\/wp-json\/wp\/v2\/posts\/1775"}],"collection":[{"href":"https:\/\/www.vga-fr.org\/sections\/athletisme-marche-nordique\/wp-json\/wp\/v2\/posts"}],"about":[{"href":"https:\/\/www.vga-fr.org\/sections\/athletisme-marche-nordique\/wp-json\/wp\/v2\/types\/post"}],"author":[{"embeddable":true,"href":"https:\/\/www.vga-fr.org\/sections\/athletisme-marche-nordique\/wp-json\/wp\/v2\/users\/10"}],"replies":[{"embeddable":true,"href":"https:\/\/www.vga-fr.org\/sections\/athletisme-marche-nordique\/wp-json\/wp\/v2\/comments?post=1775"}],"version-history":[{"count":22,"href":"https:\/\/www.vga-fr.org\/sections\/athletisme-marche-nordique\/wp-json\/wp\/v2\/posts\/1775\/revisions"}],"predecessor-version":[{"id":1811,"href":"https:\/\/www.vga-fr.org\/sections\/athletisme-marche-nordique\/wp-json\/wp\/v2\/posts\/1775\/revisions\/1811"}],"wp:featuredmedia":[{"embeddable":true,"href":"https:\/\/www.vga-fr.org\/sections\/athletisme-marche-nordique\/wp-json\/wp\/v2\/media\/1793"}],"wp:attachment":[{"href":"https:\/\/www.vga-fr.org\/sections\/athletisme-marche-nordique\/wp-json\/wp\/v2\/media?parent=1775"}],"wp:term":[{"taxonomy":"category","embeddable":true,"href":"https:\/\/www.vga-fr.org\/sections\/athletisme-marche-nordique\/wp-json\/wp\/v2\/categories?post=1775"},{"taxonomy":"post_tag","embeddable":true,"href":"https:\/\/www.vga-fr.org\/sections\/athletisme-marche-nordique\/wp-json\/wp\/v2\/tags?post=1775"}],"curies":[{"name":"wp","href":"https:\/\/api.w.org\/{rel}","templated":true}]}}