{"id":1768,"date":"2025-05-22T12:23:52","date_gmt":"2025-05-22T10:23:52","guid":{"rendered":"https:\/\/www.vga-fr.org\/sections\/athletisme-marche-nordique\/?p=1768"},"modified":"2025-08-26T15:02:16","modified_gmt":"2025-08-26T13:02:16","slug":"athletisme-resultats-des-soirees-de-saint-maur-2025","status":"publish","type":"post","link":"https:\/\/www.vga-fr.org\/sections\/athletisme-marche-nordique\/2025\/05\/22\/athletisme-resultats-des-soirees-de-saint-maur-2025\/","title":{"rendered":"[ATHL\u00c9TISME] R\u00e9sultats des Soir\u00e9es de Saint-Maur 2025"},"content":{"rendered":"<p><a href='https:\/\/athle.live\/challenge\/683e099c962abcbe3b026248' class='small-button smallblue' target=\"_blank\">SOIR\u00c9E DU 04\/06\/2025<\/a> <a href='https:\/\/photos.app.goo.gl\/m1fYBDR8A48Q5ANd7' class='small-button smallblue' target=\"_blank\">ALBUM PHOTOS 04\/06\/2025<\/a><\/p>\n<a href='https:\/\/athle.live\/challenge\/6836467b7f1e8d4b391bdfcd' class='small-button smallblue' target=\"_blank\">SOIR\u00c9E DU 28\/05\/2025<\/a>\n<a href='https:\/\/athle.live\/challenge\/682cf057b469dc4c71b73a0b' class='small-button smallblue' target=\"_blank\">SOIR\u00c9E DU 21\/05\/2025<\/a>\n<a href='https:\/\/athle.live\/challenge\/6824d1ba5d8cbee96655b111' class='small-button smallblue' target=\"_blank\">SOIR\u00c9E DU 14\/05\/2025 &#8211; JEUNES<\/a>\n","protected":false},"excerpt":{"rendered":"","protected":false},"author":10,"featured_media":1788,"comment_status":"open","ping_status":"open","sticky":false,"template":"","format":"standard","meta":{"_seopress_robots_primary_cat":"none","_et_pb_use_builder":"","_et_pb_old_content":"","_et_gb_content_width":""},"categories":[1],"tags":[],"_links":{"self":[{"href":"https:\/\/www.vga-fr.org\/sections\/athletisme-marche-nordique\/wp-json\/wp\/v2\/posts\/1768"}],"collection":[{"href":"https:\/\/www.vga-fr.org\/sections\/athletisme-marche-nordique\/wp-json\/wp\/v2\/posts"}],"about":[{"href":"https:\/\/www.vga-fr.org\/sections\/athletisme-marche-nordique\/wp-json\/wp\/v2\/types\/post"}],"author":[{"embeddable":true,"href":"https:\/\/www.vga-fr.org\/sections\/athletisme-marche-nordique\/wp-json\/wp\/v2\/users\/10"}],"replies":[{"embeddable":true,"href":"https:\/\/www.vga-fr.org\/sections\/athletisme-marche-nordique\/wp-json\/wp\/v2\/comments?post=1768"}],"version-history":[{"count":3,"href":"https:\/\/www.vga-fr.org\/sections\/athletisme-marche-nordique\/wp-json\/wp\/v2\/posts\/1768\/revisions"}],"predecessor-version":[{"id":1773,"href":"https:\/\/www.vga-fr.org\/sections\/athletisme-marche-nordique\/wp-json\/wp\/v2\/posts\/1768\/revisions\/1773"}],"wp:featuredmedia":[{"embeddable":true,"href":"https:\/\/www.vga-fr.org\/sections\/athletisme-marche-nordique\/wp-json\/wp\/v2\/media\/1788"}],"wp:attachment":[{"href":"https:\/\/www.vga-fr.org\/sections\/athletisme-marche-nordique\/wp-json\/wp\/v2\/media?parent=1768"}],"wp:term":[{"taxonomy":"category","embeddable":true,"href":"https:\/\/www.vga-fr.org\/sections\/athletisme-marche-nordique\/wp-json\/wp\/v2\/categories?post=1768"},{"taxonomy":"post_tag","embeddable":true,"href":"https:\/\/www.vga-fr.org\/sections\/athletisme-marche-nordique\/wp-json\/wp\/v2\/tags?post=1768"}],"curies":[{"name":"wp","href":"https:\/\/api.w.org\/{rel}","templated":true}]}}