{"id":1130,"date":"2026-03-10T16:47:34","date_gmt":"2026-03-10T15:47:34","guid":{"rendered":"https:\/\/www.vga-fr.org\/sections\/aikido-nocquet-iaido\/?p=1130"},"modified":"2026-03-10T16:47:34","modified_gmt":"2026-03-10T15:47:34","slug":"aikido-nocquet-iaido-la-vga-a-accueilli-un-stage-regional-avec-maitre-jean-jacques-sauvage-7%e1%b5%89-dan-kyoshi","status":"publish","type":"post","link":"https:\/\/www.vga-fr.org\/sections\/aikido-nocquet-iaido\/2026\/03\/10\/aikido-nocquet-iaido-la-vga-a-accueilli-un-stage-regional-avec-maitre-jean-jacques-sauvage-7%e1%b5%89-dan-kyoshi\/","title":{"rendered":"[A\u00cfKIDO NOCQUET \u2013 IA\u00cfDO] La VGA a accueilli un stage r\u00e9gional avec Ma\u00eetre Jean-Jacques Sauvage (7\u1d49 Dan Kyoshi)"},"content":{"rendered":"<p data-start=\"137\" data-end=\"320\">Le <strong data-start=\"140\" data-end=\"159\">dimanche 8 mars<\/strong>, la section <strong data-start=\"172\" data-end=\"219\">A\u00efkido Nocquet \u2013 Ia\u00efdo de la VGA Saint-Maur<\/strong> a accueilli un <strong data-start=\"235\" data-end=\"262\">stage r\u00e9gional de Ia\u00efdo<\/strong> anim\u00e9 par <strong data-start=\"273\" data-end=\"319\">Ma\u00eetre Jean-Jacques Sauvage, 7\u1d49 Dan Kyoshi<\/strong>.<\/p>\n<p data-start=\"322\" data-end=\"571\">Organis\u00e9 au <strong data-start=\"334\" data-end=\"365\">centre sportif Gilbert No\u00ebl<\/strong>, cet \u00e9v\u00e9nement a rassembl\u00e9 <strong data-start=\"393\" data-end=\"459\">pr\u00e8s de 40 pratiquants venus de nombreux clubs d\u2019\u00cele-de-France<\/strong>, r\u00e9unis pour une journ\u00e9e d\u2019entra\u00eenement et de perfectionnement autour de cet art martial japonais traditionnel.<\/p>\n<h2 data-section-id=\"1p0r2t8\" data-start=\"573\" data-end=\"610\">Une journ\u00e9e riche en enseignements<\/h2>\n<p data-start=\"612\" data-end=\"803\">Tout au long de la journ\u00e9e, les participants ont pu approfondir leur pratique du <strong data-start=\"693\" data-end=\"702\">Ia\u00efdo<\/strong>, discipline qui consiste \u00e0 d\u00e9gainer et ma\u00eetriser le sabre avec pr\u00e9cision, contr\u00f4le et concentration.<\/p>\n<p data-start=\"805\" data-end=\"1039\">Sous la direction de <strong data-start=\"826\" data-end=\"857\">Ma\u00eetre Jean-Jacques Sauvage<\/strong>, les pratiquants ont travaill\u00e9 diff\u00e9rents aspects techniques de la discipline et b\u00e9n\u00e9fici\u00e9 des conseils d\u2019un enseignant reconnu, dans une ambiance \u00e0 la fois studieuse et conviviale.<\/p>\n<h2 data-section-id=\"75oos8\" data-start=\"1041\" data-end=\"1076\">Un moment de partage entre clubs<\/h2>\n<p data-start=\"1078\" data-end=\"1291\">Au-del\u00e0 du travail technique, ce stage a \u00e9galement \u00e9t\u00e9 l\u2019occasion de <strong data-start=\"1147\" data-end=\"1226\">rencontres et d\u2019\u00e9changes entre pratiquants de diff\u00e9rents clubs de la r\u00e9gion<\/strong>, favorisant le partage d\u2019exp\u00e9rience et la progression de chacun.<\/p>\n<p data-start=\"1293\" data-end=\"1566\">La section <strong data-start=\"1304\" data-end=\"1351\">A\u00efkido Nocquet \u2013 Ia\u00efdo de la VGA Saint-Maur<\/strong> remercie chaleureusement <strong data-start=\"1377\" data-end=\"1408\">Ma\u00eetre Jean-Jacques Sauvage<\/strong> pour la qualit\u00e9 de son enseignement, ainsi que <strong data-start=\"1456\" data-end=\"1487\">l\u2019ensemble des participants<\/strong> pour leur pr\u00e9sence et leur engagement lors de cette belle journ\u00e9e de pratique.<\/p>\n","protected":false},"excerpt":{"rendered":"<p>Le dimanche 8 mars, la section A\u00efkido Nocquet \u2013 Ia\u00efdo de la VGA Saint-Maur a accueilli un stage r\u00e9gional de Ia\u00efdo anim\u00e9 par Ma\u00eetre Jean-Jacques Sauvage, 7\u1d49 Dan Kyoshi. Organis\u00e9 au centre sportif Gilbert No\u00ebl, cet \u00e9v\u00e9nement a rassembl\u00e9 pr\u00e8s de 40 pratiquants venus de nombreux clubs d\u2019\u00cele-de-France, r\u00e9unis pour une journ\u00e9e d\u2019entra\u00eenement et de [&hellip;]<\/p>\n","protected":false},"author":10,"featured_media":1133,"comment_status":"open","ping_status":"open","sticky":false,"template":"","format":"standard","meta":{"_seopress_robots_primary_cat":"none","_et_pb_use_builder":"","_et_pb_old_content":"","_et_gb_content_width":""},"categories":[1],"tags":[],"_links":{"self":[{"href":"https:\/\/www.vga-fr.org\/sections\/aikido-nocquet-iaido\/wp-json\/wp\/v2\/posts\/1130"}],"collection":[{"href":"https:\/\/www.vga-fr.org\/sections\/aikido-nocquet-iaido\/wp-json\/wp\/v2\/posts"}],"about":[{"href":"https:\/\/www.vga-fr.org\/sections\/aikido-nocquet-iaido\/wp-json\/wp\/v2\/types\/post"}],"author":[{"embeddable":true,"href":"https:\/\/www.vga-fr.org\/sections\/aikido-nocquet-iaido\/wp-json\/wp\/v2\/users\/10"}],"replies":[{"embeddable":true,"href":"https:\/\/www.vga-fr.org\/sections\/aikido-nocquet-iaido\/wp-json\/wp\/v2\/comments?post=1130"}],"version-history":[{"count":1,"href":"https:\/\/www.vga-fr.org\/sections\/aikido-nocquet-iaido\/wp-json\/wp\/v2\/posts\/1130\/revisions"}],"predecessor-version":[{"id":1136,"href":"https:\/\/www.vga-fr.org\/sections\/aikido-nocquet-iaido\/wp-json\/wp\/v2\/posts\/1130\/revisions\/1136"}],"wp:featuredmedia":[{"embeddable":true,"href":"https:\/\/www.vga-fr.org\/sections\/aikido-nocquet-iaido\/wp-json\/wp\/v2\/media\/1133"}],"wp:attachment":[{"href":"https:\/\/www.vga-fr.org\/sections\/aikido-nocquet-iaido\/wp-json\/wp\/v2\/media?parent=1130"}],"wp:term":[{"taxonomy":"category","embeddable":true,"href":"https:\/\/www.vga-fr.org\/sections\/aikido-nocquet-iaido\/wp-json\/wp\/v2\/categories?post=1130"},{"taxonomy":"post_tag","embeddable":true,"href":"https:\/\/www.vga-fr.org\/sections\/aikido-nocquet-iaido\/wp-json\/wp\/v2\/tags?post=1130"}],"curies":[{"name":"wp","href":"https:\/\/api.w.org\/{rel}","templated":true}]}}